{"id":92194,"date":"2019-09-09T20:39:59","date_gmt":"2019-09-09T18:39:59","guid":{"rendered":"http:\/\/www.tucomarca.com\/wordpress\/segunda\/?p=92194"},"modified":"2019-09-09T20:39:59","modified_gmt":"2019-09-09T18:39:59","slug":"al-voltant-de-4-600-alumnes-sincorporen-al-nou-curs-en-leliana","status":"publish","type":"post","link":"https:\/\/www.tucomarca.com\/wordpress\/segunda\/ca\/al-voltant-de-4-600-alumnes-sincorporen-al-nou-curs-en-leliana\/","title":{"rendered":"Al voltant de 4.600 alumnes s\u2019incorporen al nou curs en l\u2019Eliana"},"content":{"rendered":"<figure id=\"attachment_92191\" aria-describedby=\"caption-attachment-92191\" style=\"width: 387px\" class=\"wp-caption alignleft\"><img loading=\"lazy\" decoding=\"async\" class=\" wp-image-92191\" src=\"http:\/\/www.tucomarca.com\/wordpress\/segunda\/wp-content\/uploads\/2019\/09\/Elianacurso.jpg\" alt=\"Comienza el curso educativo 2019-2020 en l'Eliana.\" width=\"387\" height=\"218\" srcset=\"https:\/\/www.tucomarca.com\/wordpress\/segunda\/wp-content\/uploads\/2019\/09\/Elianacurso.jpg 1915w, https:\/\/www.tucomarca.com\/wordpress\/segunda\/wp-content\/uploads\/2019\/09\/Elianacurso-300x169.jpg 300w, https:\/\/www.tucomarca.com\/wordpress\/segunda\/wp-content\/uploads\/2019\/09\/Elianacurso-768x433.jpg 768w, https:\/\/www.tucomarca.com\/wordpress\/segunda\/wp-content\/uploads\/2019\/09\/Elianacurso-1024x577.jpg 1024w\" sizes=\"auto, (max-width: 387px) 100vw, 387px\" \/><figcaption id=\"caption-attachment-92191\" class=\"wp-caption-text\">Comen\u00e7a el curs educatiu 2019-2020 a\u00a0l&#8217;Eliana.<\/figcaption><\/figure>\n<p>Aquest 9 de setembre, ha tingut lloc l&#8217;assenyalada \u201cVolta al col\u00b7le\u201d en tots els centres educatius valencians. Al voltant de 4.600 alumnes s&#8217;incorporen al curs escolar 2019-2020 a l&#8217;Eliana, 216 dels quals s\u00f3n incorporacions d&#8217;infants de 3 anys. Un retorn a la rutina que ha discorregut sense contratemps i amb total normalitat.<\/p>\n<p>Aix\u00ed, com tots els anys, este mat\u00ed membres de la corporaci\u00f3 municipal han volgut visitar un dels huit centres educatius de l&#8217;Eliana per a donar la benvinguda a l&#8217;alumnat i revisar que tot estiga llest. En esta ocasi\u00f3 l&#8217;Alcalde de l&#8217;Eliana, Salva Torrent, juntament amb la Regidora d&#8217;Educaci\u00f3 i Inf\u00e0ncia, Eva Santaf\u00e9, i Maria Jos\u00e9 Valenzuela, Regidora de Pol\u00edtiques Socials, han visitat el CEIP Verge del Carmen en el seu primer dia de classes.<br \/>\nD\u2019altra banda, l&#8217;equip de govern, al costat de la directora del centre Beatriz Berto, han visitat les instal\u00b7lacions del centre per tal de revisar el seu estat.<\/p>\n<p>En paraules l&#8217;Alcalde, Salva Torrent, \u201c<i>hem triat visitar el col\u00b7legi Verge del Carmen perqu\u00e8 hi ha hagut un canvi de direcci\u00f3 i enguany s&#8217;incorpora una directora, per aix\u00f2 hem vingut per a manifestar-li el suport de l&#8217;Ajuntament presencialment.\u201d <\/i><\/p>\n<p>Per part seua, la regidora Eva Santaf\u00e9 ha volgut aprofitar l&#8217;ocasi\u00f3 per a donar la benvinguda a les noves directores dels centres educatius de l&#8217;Eliana,<i> \u201cun senyal que les dones van incorporant-se cada vegada m\u00e9s als c\u00e0rrecs directius\u201d<\/i> ha destacat.<br \/>\nI \u00e9s que en enguany, per primera vegada, els centres educatius de l&#8217;Eliana compten amb m\u00e9s directores que directors.<\/p>\n<p>Comen\u00e7a el curs escolar 2019-2020 a l&#8217;Eliana, com sempre amb una mica de nervis per\u00f2 amb molta il\u00b7lusi\u00f3.<\/p>\n","protected":false},"excerpt":{"rendered":"<div class=\"mh-excerpt\">Aquest 9 de setembre, ha tingut lloc l&#8217;assenyalada \u201cVolta al col\u00b7le\u201d en tots els centres educatius valencians. Al voltant de 4.600 alumnes s&#8217;incorporen al curs escolar 2019-2020 a l&#8217;Eliana, 216 dels quals s\u00f3n incorporacions d&#8217;infants <a class=\"mh-excerpt-more\" href=\"https:\/\/www.tucomarca.com\/wordpress\/segunda\/ca\/al-voltant-de-4-600-alumnes-sincorporen-al-nou-curs-en-leliana\/\" title=\"Al voltant de 4.600 alumnes s\u2019incorporen al nou curs en l\u2019Eliana\">[+] <\/a><\/div>\n","protected":false},"author":1,"featured_media":92192,"comment_status":"open","ping_status":"open","sticky":false,"template":"","format":"standard","meta":{"footnotes":""},"categories":[10892,10898,10948,10894,10893,11007,10896],"tags":[11172],"class_list":{"0":"post-92194","1":"post","2":"type-post","3":"status-publish","4":"format-standard","5":"has-post-thumbnail","7":"category-camp-de-turia-ca","8":"category-ventana-ca","9":"category-infraestructuras-ca","10":"category-la-comarca-ca","11":"category-leliana-ca","12":"category-ocio-y-cultura-ca","13":"category-seccion-ca","14":"tag-leliana-ca-2"},"_links":{"self":[{"href":"https:\/\/www.tucomarca.com\/wordpress\/segunda\/ca\/wp-json\/wp\/v2\/posts\/92194","targetHints":{"allow":["GET"]}}],"collection":[{"href":"https:\/\/www.tucomarca.com\/wordpress\/segunda\/ca\/wp-json\/wp\/v2\/posts"}],"about":[{"href":"https:\/\/www.tucomarca.com\/wordpress\/segunda\/ca\/wp-json\/wp\/v2\/types\/post"}],"author":[{"embeddable":true,"href":"https:\/\/www.tucomarca.com\/wordpress\/segunda\/ca\/wp-json\/wp\/v2\/users\/1"}],"replies":[{"embeddable":true,"href":"https:\/\/www.tucomarca.com\/wordpress\/segunda\/ca\/wp-json\/wp\/v2\/comments?post=92194"}],"version-history":[{"count":0,"href":"https:\/\/www.tucomarca.com\/wordpress\/segunda\/ca\/wp-json\/wp\/v2\/posts\/92194\/revisions"}],"wp:featuredmedia":[{"embeddable":true,"href":"https:\/\/www.tucomarca.com\/wordpress\/segunda\/ca\/wp-json\/wp\/v2\/media\/92192"}],"wp:attachment":[{"href":"https:\/\/www.tucomarca.com\/wordpress\/segunda\/ca\/wp-json\/wp\/v2\/media?parent=92194"}],"wp:term":[{"taxonomy":"category","embeddable":true,"href":"https:\/\/www.tucomarca.com\/wordpress\/segunda\/ca\/wp-json\/wp\/v2\/categories?post=92194"},{"taxonomy":"post_tag","embeddable":true,"href":"https:\/\/www.tucomarca.com\/wordpress\/segunda\/ca\/wp-json\/wp\/v2\/tags?post=92194"}],"curies":[{"name":"wp","href":"https:\/\/api.w.org\/{rel}","templated":true}]}}