{"id":92201,"date":"2019-09-09T20:37:58","date_gmt":"2019-09-09T18:37:58","guid":{"rendered":"http:\/\/www.tucomarca.com\/wordpress\/segunda\/?p=92201"},"modified":"2019-09-09T20:37:58","modified_gmt":"2019-09-09T18:37:58","slug":"mes-de-200-alumnes-comencen-el-nou-curs-a-lescola-de-capatassos-agricoles-de-la-diputacio","status":"publish","type":"post","link":"https:\/\/www.tucomarca.com\/wordpress\/segunda\/ca\/mes-de-200-alumnes-comencen-el-nou-curs-a-lescola-de-capatassos-agricoles-de-la-diputacio\/","title":{"rendered":"M\u00e9s de 200 alumnes comencen el nou curs a l&#8217;Escola de Capatassos Agr\u00edcoles de la Diputaci\u00f3"},"content":{"rendered":"<figure id=\"attachment_92198\" aria-describedby=\"caption-attachment-92198\" style=\"width: 478px\" class=\"wp-caption alignnone\"><img loading=\"lazy\" decoding=\"async\" class=\" wp-image-92198\" src=\"http:\/\/www.tucomarca.com\/wordpress\/segunda\/wp-content\/uploads\/2019\/09\/DipuCapataces.jpg\" alt=\"La diputada delegada de la escuela, Isabel Garc\u00eda, felicita a los estudiantes por haber elegido este centro de formaci\u00f3n agr\u00edcola ubicado en Catarroja.\" width=\"478\" height=\"311\" srcset=\"https:\/\/www.tucomarca.com\/wordpress\/segunda\/wp-content\/uploads\/2019\/09\/DipuCapataces.jpg 2362w, https:\/\/www.tucomarca.com\/wordpress\/segunda\/wp-content\/uploads\/2019\/09\/DipuCapataces-300x195.jpg 300w, https:\/\/www.tucomarca.com\/wordpress\/segunda\/wp-content\/uploads\/2019\/09\/DipuCapataces-768x499.jpg 768w, https:\/\/www.tucomarca.com\/wordpress\/segunda\/wp-content\/uploads\/2019\/09\/DipuCapataces-1024x665.jpg 1024w\" sizes=\"auto, (max-width: 478px) 100vw, 478px\" \/><figcaption id=\"caption-attachment-92198\" class=\"wp-caption-text\"><b>La diputada delegada de l&#8217;escola, Isabel Garc\u00eda, felicita els estudiants per haver triat aquest centre de formaci\u00f3 situat a Catarroja<\/b><br \/> .<\/figcaption><\/figure>\n<p>L&#8217;Escola de Capatassos Agr\u00edcoles, situada en el port de l&#8217;Albufera de Catarroja, ha celebrat aquest dilluns l&#8217;obertura del curs escolar 2019-2020, amb la pres\u00e8ncia dels alumnes del primer curs dels diferents cicles formatius que s&#8217;imparteixen en aquest centre de la Diputaci\u00f3 de Val\u00e8ncia.<\/p>\n<p>La nova diputada delegada de l&#8217;escola, Isabel Garc\u00eda, ha sigut l&#8217;encarregada d&#8217;inaugurar el curs, que enguany tornar\u00e0 a comptar amb m\u00e9s de 200 estudiants. Despr\u00e9s de reunir-se amb l&#8217;equip directiu, ha volgut dirigir unes paraules a les i els alumnes que s&#8217;enfrontaven al seu primer dia de classe.<\/p>\n<p>En el seu primer acte oficial com a diputada, Isabel Garc\u00eda ha felicitat els estudiants \u201cper la seua elecci\u00f3, en un moment com l&#8217;actual, en el qual l&#8217;agricultura juga un paper fonamental per a afrontar nombrosos desafiaments a nivell global\u201d. Aix\u00ed mateix, Garc\u00eda ha incidit en \u201cla necess\u00e0ria labor que s&#8217;est\u00e0 duent a terme en aquesta escola\u201d, i ha oferit la seua ajuda \u201cper a potenciar i millorar els diferents projectes del centre\u201d.<\/p>\n<p>Des de la direcci\u00f3 de l&#8217;escola han posat en valor el fet de mantindre el nombre d&#8217;alumnes per damunt dels 200 un any m\u00e9s, en espera d\u2019un segon per\u00edode de matriculaci\u00f3 que tindr\u00e0 lloc aquest mes de setembre. \u201cVolem agrair la important obra social que realitza la Diputaci\u00f3\u201d, ha declarat el seu director, Vital Garc\u00eda-Espa\u00f1a.<\/p>\n<p>A l&#8217;Escola de Capatassos Agr\u00edcoles, propietat de la Diputaci\u00f3 de Val\u00e8ncia des de 1961, s&#8217;imparteixen dos cicles formatius de grau superior i dos cicles formatius de grau mitj\u00e0, tots de la branca agr\u00e0ria: T\u00e8cnic Mitj\u00e0 d&#8217;Agroecologia, de Jardineria i Viverismo, T\u00e8cnic Superior de Gesti\u00f3 Forestal i Medi natural i de Paisatgisme i Medi rural.<\/p>\n<p>Enguany la titulaci\u00f3 m\u00e9s demandada torna a ser la de T\u00e8cnic Forestal, que en aquests moments compta amb llista d&#8217;espera per a poder inscriure&#8217;s en el present curs. <span class=\"Apple-converted-space\">\u00a0<\/span><\/p>\n","protected":false},"excerpt":{"rendered":"<div class=\"mh-excerpt\">L&#8217;Escola de Capatassos Agr\u00edcoles, situada en el port de l&#8217;Albufera de Catarroja, ha celebrat aquest dilluns l&#8217;obertura del curs escolar 2019-2020, amb la pres\u00e8ncia dels alumnes del primer curs dels diferents cicles formatius que s&#8217;imparteixen <a class=\"mh-excerpt-more\" href=\"https:\/\/www.tucomarca.com\/wordpress\/segunda\/ca\/mes-de-200-alumnes-comencen-el-nou-curs-a-lescola-de-capatassos-agricoles-de-la-diputacio\/\" title=\"M\u00e9s de 200 alumnes comencen el nou curs a l&#8217;Escola de Capatassos Agr\u00edcoles de la Diputaci\u00f3\">[+] <\/a><\/div>\n","protected":false},"author":1,"featured_media":92199,"comment_status":"open","ping_status":"open","sticky":false,"template":"","format":"standard","meta":{"footnotes":""},"categories":[10898,10948,10894,10904,11007,10947,10896],"tags":[11246],"class_list":{"0":"post-92201","1":"post","2":"type-post","3":"status-publish","4":"format-standard","5":"has-post-thumbnail","7":"category-ventana-ca","8":"category-infraestructuras-ca","9":"category-la-comarca-ca","10":"category-sin-categorizar-ca","11":"category-ocio-y-cultura-ca","12":"category-politica","13":"category-seccion-ca","14":"tag-diputacio-de-valencia-ca"},"_links":{"self":[{"href":"https:\/\/www.tucomarca.com\/wordpress\/segunda\/ca\/wp-json\/wp\/v2\/posts\/92201","targetHints":{"allow":["GET"]}}],"collection":[{"href":"https:\/\/www.tucomarca.com\/wordpress\/segunda\/ca\/wp-json\/wp\/v2\/posts"}],"about":[{"href":"https:\/\/www.tucomarca.com\/wordpress\/segunda\/ca\/wp-json\/wp\/v2\/types\/post"}],"author":[{"embeddable":true,"href":"https:\/\/www.tucomarca.com\/wordpress\/segunda\/ca\/wp-json\/wp\/v2\/users\/1"}],"replies":[{"embeddable":true,"href":"https:\/\/www.tucomarca.com\/wordpress\/segunda\/ca\/wp-json\/wp\/v2\/comments?post=92201"}],"version-history":[{"count":0,"href":"https:\/\/www.tucomarca.com\/wordpress\/segunda\/ca\/wp-json\/wp\/v2\/posts\/92201\/revisions"}],"wp:featuredmedia":[{"embeddable":true,"href":"https:\/\/www.tucomarca.com\/wordpress\/segunda\/ca\/wp-json\/wp\/v2\/media\/92199"}],"wp:attachment":[{"href":"https:\/\/www.tucomarca.com\/wordpress\/segunda\/ca\/wp-json\/wp\/v2\/media?parent=92201"}],"wp:term":[{"taxonomy":"category","embeddable":true,"href":"https:\/\/www.tucomarca.com\/wordpress\/segunda\/ca\/wp-json\/wp\/v2\/categories?post=92201"},{"taxonomy":"post_tag","embeddable":true,"href":"https:\/\/www.tucomarca.com\/wordpress\/segunda\/ca\/wp-json\/wp\/v2\/tags?post=92201"}],"curies":[{"name":"wp","href":"https:\/\/api.w.org\/{rel}","templated":true}]}}