{"id":92248,"date":"2019-09-10T19:09:08","date_gmt":"2019-09-10T17:09:08","guid":{"rendered":"http:\/\/www.tucomarca.com\/wordpress\/segunda\/?p=92248"},"modified":"2019-09-10T19:09:08","modified_gmt":"2019-09-10T17:09:08","slug":"vuit-empreses-dutiel-reben-el-distintiu-sicted-de-qualitat-turistica","status":"publish","type":"post","link":"https:\/\/www.tucomarca.com\/wordpress\/segunda\/ca\/vuit-empreses-dutiel-reben-el-distintiu-sicted-de-qualitat-turistica\/","title":{"rendered":"Vuit empreses d&#8217;Utiel reben el distintiu SICTED de qualitat tur\u00edstica"},"content":{"rendered":"<figure id=\"attachment_92245\" aria-describedby=\"caption-attachment-92245\" style=\"width: 640px\" class=\"wp-caption alignnone\"><img loading=\"lazy\" decoding=\"async\" class=\" wp-image-92245\" src=\"http:\/\/www.tucomarca.com\/wordpress\/segunda\/wp-content\/uploads\/2019\/09\/SICTEDUTIEL19.jpg\" alt=\"Esta ma\u00f1ana a las 12.30 horas se ha celebrado el acto de entrega de premios en la Casa de Cultura de Utiel.\" width=\"640\" height=\"378\" srcset=\"https:\/\/www.tucomarca.com\/wordpress\/segunda\/wp-content\/uploads\/2019\/09\/SICTEDUTIEL19.jpg 4011w, https:\/\/www.tucomarca.com\/wordpress\/segunda\/wp-content\/uploads\/2019\/09\/SICTEDUTIEL19-300x177.jpg 300w, https:\/\/www.tucomarca.com\/wordpress\/segunda\/wp-content\/uploads\/2019\/09\/SICTEDUTIEL19-768x454.jpg 768w, https:\/\/www.tucomarca.com\/wordpress\/segunda\/wp-content\/uploads\/2019\/09\/SICTEDUTIEL19-1024x605.jpg 1024w\" sizes=\"auto, (max-width: 640px) 100vw, 640px\" \/><figcaption id=\"caption-attachment-92245\" class=\"wp-caption-text\">Aquest mat\u00ed a les 12.30 hores s&#8217;ha celebrat l&#8217;acte de lliurament de premis a la Casa de Cultura d&#8217;Utiel.<\/figcaption><\/figure>\n<p>Un total de 8 empreses d&#8217;Utiel han estat acreditades aquest any amb el distintiu SICTED (Sistema Integral de Qualitat Tur\u00edstica en Destinaci\u00f3), per superar l&#8217;avaluaci\u00f3 de millora de la qualitat de la destinaci\u00f3 tur\u00edstica &#8220;Comprom\u00eds de Qualitat Tur\u00edstica&#8221;, que acredita i reconeix el esfor\u00e7 realitzat per les empreses participants.<\/p>\n<p>Aquest mat\u00ed a la Casa de Cultura d&#8217;Utiel, la Reina de la Fira i Festes d&#8217;Utiel, Alba Murgui Romero, l&#8217;alcalde d&#8217;Utiel, Fernando Benlliure i el regidor de Turisme, Fernando Arenas s&#8217;han lliurat els diplomes acreditatius d&#8217;aquesta distinci\u00f3 tur\u00edstica que renoven 6 de les 8 empreses distingides pertanyents a diferents sectors com el vitivin\u00edcola, hostaler, gastron\u00f2mic o t\u00e8xtil entre d&#8217;altres.<\/p>\n<p>Com a noves incorporacions del distintiu SICTED a Utiel, se sumen la botiga especialitzada en esports de muntanya &#8220;Tangos a la Roca&#8221; i &#8220;Bar La Taverna&#8221;<\/p>\n<p>Per la seva banda, renoven enguany el distintiu Cellers Utielanas, Carnisseria Isidora, Enoteca Pepe Blasco, Hotel Restaurant el Tollo, Merceria Oleana i l&#8217;Oficina de Turisme d&#8217;Utiel.<\/p>\n<p>Actualment Utiel compta amb 15 empreses de diferents sectors amb el segell &#8220;Comprom\u00eds de Qualitat Tur\u00edstica&#8221;. El regidor de turisme, Fernando Arenas, ha agra\u00eft a totes l&#8217;esfor\u00e7 que estan fent per enfortir una imatge final de la destinaci\u00f3 tur\u00edstica del municipi i ha animat el teixit empresarial a sumar-se a aquest projecte gratu\u00eft de promoci\u00f3 de la qualitat tur\u00edstica.<\/p>\n<p>SICTED \u00e9s un projecte de millora de la qualitat de les destinacions tur\u00edstiques promogut per la Secretaria d&#8217;Estat de Turisme (SET) i impulsat a la Comunitat Valenciana per Turisme Comunitat Valenciana amb l&#8217;objectiu \u00faltim de millorar l&#8217;experi\u00e8ncia i satisfacci\u00f3 del turista.<\/p>\n<p>El distintiu \u00e9s el suport que acredita el compliment dels requisits establerts en la metodologia SICTED i reconeix l&#8217;esfor\u00e7 i el comprom\u00eds amb la qualitat i la millora cont\u00ednua, alhora que distingeix a l&#8217;empresa enfront de la compet\u00e8ncia.<\/p>\n","protected":false},"excerpt":{"rendered":"<div class=\"mh-excerpt\">Un total de 8 empreses d&#8217;Utiel han estat acreditades aquest any amb el distintiu SICTED (Sistema Integral de Qualitat Tur\u00edstica en Destinaci\u00f3), per superar l&#8217;avaluaci\u00f3 de millora de la qualitat de la destinaci\u00f3 tur\u00edstica &#8220;Comprom\u00eds <a class=\"mh-excerpt-more\" href=\"https:\/\/www.tucomarca.com\/wordpress\/segunda\/ca\/vuit-empreses-dutiel-reben-el-distintiu-sicted-de-qualitat-turistica\/\" title=\"Vuit empreses d&#8217;Utiel reben el distintiu SICTED de qualitat tur\u00edstica\">[+] <\/a><\/div>\n","protected":false},"author":1,"featured_media":92246,"comment_status":"open","ping_status":"open","sticky":false,"template":"","format":"standard","meta":{"footnotes":""},"categories":[10948,10894,10909,10896,11059],"tags":[10910],"class_list":{"0":"post-92248","1":"post","2":"type-post","3":"status-publish","4":"format-standard","5":"has-post-thumbnail","7":"category-infraestructuras-ca","8":"category-la-comarca-ca","9":"category-requena-utiel-ca","10":"category-seccion-ca","11":"category-utiel-ca","12":"tag-requena-utiel-ca"},"_links":{"self":[{"href":"https:\/\/www.tucomarca.com\/wordpress\/segunda\/ca\/wp-json\/wp\/v2\/posts\/92248","targetHints":{"allow":["GET"]}}],"collection":[{"href":"https:\/\/www.tucomarca.com\/wordpress\/segunda\/ca\/wp-json\/wp\/v2\/posts"}],"about":[{"href":"https:\/\/www.tucomarca.com\/wordpress\/segunda\/ca\/wp-json\/wp\/v2\/types\/post"}],"author":[{"embeddable":true,"href":"https:\/\/www.tucomarca.com\/wordpress\/segunda\/ca\/wp-json\/wp\/v2\/users\/1"}],"replies":[{"embeddable":true,"href":"https:\/\/www.tucomarca.com\/wordpress\/segunda\/ca\/wp-json\/wp\/v2\/comments?post=92248"}],"version-history":[{"count":0,"href":"https:\/\/www.tucomarca.com\/wordpress\/segunda\/ca\/wp-json\/wp\/v2\/posts\/92248\/revisions"}],"wp:featuredmedia":[{"embeddable":true,"href":"https:\/\/www.tucomarca.com\/wordpress\/segunda\/ca\/wp-json\/wp\/v2\/media\/92246"}],"wp:attachment":[{"href":"https:\/\/www.tucomarca.com\/wordpress\/segunda\/ca\/wp-json\/wp\/v2\/media?parent=92248"}],"wp:term":[{"taxonomy":"category","embeddable":true,"href":"https:\/\/www.tucomarca.com\/wordpress\/segunda\/ca\/wp-json\/wp\/v2\/categories?post=92248"},{"taxonomy":"post_tag","embeddable":true,"href":"https:\/\/www.tucomarca.com\/wordpress\/segunda\/ca\/wp-json\/wp\/v2\/tags?post=92248"}],"curies":[{"name":"wp","href":"https:\/\/api.w.org\/{rel}","templated":true}]}}