{"id":92460,"date":"2019-09-26T20:47:38","date_gmt":"2019-09-26T18:47:38","guid":{"rendered":"http:\/\/www.tucomarca.com\/wordpress\/segunda\/?p=92460"},"modified":"2019-09-26T20:47:38","modified_gmt":"2019-09-26T18:47:38","slug":"el-club-balonmano-bunyol-organitza-aquest-diumenge-el-seu-tradicional-torneig-de-mini-handball","status":"publish","type":"post","link":"https:\/\/www.tucomarca.com\/wordpress\/segunda\/ca\/el-club-balonmano-bunyol-organitza-aquest-diumenge-el-seu-tradicional-torneig-de-mini-handball\/","title":{"rendered":"El Club Balonmano Bunyol organitza aquest diumenge el seu tradicional torneig de Mini-Handball"},"content":{"rendered":"<figure id=\"attachment_92457\" aria-describedby=\"caption-attachment-92457\" style=\"width: 544px\" class=\"wp-caption alignleft\"><img loading=\"lazy\" decoding=\"async\" class=\" wp-image-92457\" src=\"http:\/\/www.tucomarca.com\/wordpress\/segunda\/wp-content\/uploads\/2019\/09\/TORNEOMINI-HANDBALL.jpg\" alt=\"La cita tendr\u00e1 lugar este domingo 29 de septiembre a las 10h en el Pabell\u00f3n Municipal.\" width=\"544\" height=\"769\" srcset=\"https:\/\/www.tucomarca.com\/wordpress\/segunda\/wp-content\/uploads\/2019\/09\/TORNEOMINI-HANDBALL.jpg 794w, https:\/\/www.tucomarca.com\/wordpress\/segunda\/wp-content\/uploads\/2019\/09\/TORNEOMINI-HANDBALL-212x300.jpg 212w, https:\/\/www.tucomarca.com\/wordpress\/segunda\/wp-content\/uploads\/2019\/09\/TORNEOMINI-HANDBALL-768x1086.jpg 768w, https:\/\/www.tucomarca.com\/wordpress\/segunda\/wp-content\/uploads\/2019\/09\/TORNEOMINI-HANDBALL-724x1024.jpg 724w\" sizes=\"auto, (max-width: 544px) 100vw, 544px\" \/><figcaption id=\"caption-attachment-92457\" class=\"wp-caption-text\">La cita tendr\u00e1 lugar este domingo 29 de septiembre a las 10h en el Pabell\u00f3n Municipal.<\/figcaption><\/figure>\n<p><strong>La cita tindr\u00e0 lloc aquest diumenge 29 de setembre a les 10h al Pavell\u00f3 Municipal<\/strong><\/p>\n<p>El Club Balonmano Bunyol organitza aquest diumenge una nova edici\u00f3 del seu ja tradicional Torneig de Mini-Handball. El campionat comen\u00e7ar\u00e0 a les 10h al Pavell\u00f3 Municipal d &#8216; &#8220;El Planell&#8221;.<\/p>\n<p>Aquest torneig est\u00e0 dirigit a xiquets\u00a0i xiquetes\u00a0d&#8217;entre 1r a 6\u00e8 de Prim\u00e0ria. Les inscripcions es poden formalitzar a les escoles de la localitat i de la comarca. Els nens i nenes hauran de fer una llista amb quatre o 5 jugadors, posar-li un nom i lliurar-la al professor d&#8217;educaci\u00f3 f\u00edsica del seu centre o al Pavell\u00f3 de &#8220;El Planell&#8221;. Amb aix\u00f2 ja, el diumenge ja es poden presentar al Pavell\u00f3 Municipal per jugar.<\/p>\n<p>Al final del campionat hi haur\u00e0 sorpreses i premis per a tots els assistents. L&#8217;objectiu que persegueix aquest torneig \u00e9s que els m\u00e9s petits conegan i s&#8217;introdueixin en l&#8217;handbol, i aix\u00ed alguns entrin a formar part del planter del club bu\u00f1olense.<\/p>\n<p>Des del Club Balonmano Bunyol animen a xiquets\u00a0i xiquetes, aix\u00ed com a pares i mares a que diumenge que ve s&#8217;acosten amb els seus petits i petites fins al Pavell\u00f3 de &#8220;El Planell&#8221; a con\u00e8ixer m\u00e9s de prop el m\u00f3n del balonmano.<\/p>\n","protected":false},"excerpt":{"rendered":"<div class=\"mh-excerpt\">La cita tindr\u00e0 lloc aquest diumenge 29 de setembre a les 10h al Pavell\u00f3 Municipal El Club Balonmano Bunyol organitza aquest diumenge una nova edici\u00f3 del seu ja tradicional Torneig de Mini-Handball. El campionat comen\u00e7ar\u00e0 <a class=\"mh-excerpt-more\" href=\"https:\/\/www.tucomarca.com\/wordpress\/segunda\/ca\/el-club-balonmano-bunyol-organitza-aquest-diumenge-el-seu-tradicional-torneig-de-mini-handball\/\" title=\"El Club Balonmano Bunyol organitza aquest diumenge el seu tradicional torneig de Mini-Handball\">[+] <\/a><\/div>\n","protected":false},"author":2,"featured_media":92450,"comment_status":"open","ping_status":"open","sticky":false,"template":"","format":"standard","meta":{"footnotes":""},"categories":[11019,10911,11003,10912,11009,10896],"tags":[10913,11411],"class_list":{"0":"post-92460","1":"post","2":"type-post","3":"status-publish","4":"format-standard","5":"has-post-thumbnail","7":"category-agenda-ca","8":"category-bunol-ca","9":"category-sports","10":"category-la-hoya-ca","11":"category-polideportivo-ca","12":"category-seccion-ca","13":"tag-bunol-ca","14":"tag-club-balonmano-bunol-ca"},"_links":{"self":[{"href":"https:\/\/www.tucomarca.com\/wordpress\/segunda\/ca\/wp-json\/wp\/v2\/posts\/92460","targetHints":{"allow":["GET"]}}],"collection":[{"href":"https:\/\/www.tucomarca.com\/wordpress\/segunda\/ca\/wp-json\/wp\/v2\/posts"}],"about":[{"href":"https:\/\/www.tucomarca.com\/wordpress\/segunda\/ca\/wp-json\/wp\/v2\/types\/post"}],"author":[{"embeddable":true,"href":"https:\/\/www.tucomarca.com\/wordpress\/segunda\/ca\/wp-json\/wp\/v2\/users\/2"}],"replies":[{"embeddable":true,"href":"https:\/\/www.tucomarca.com\/wordpress\/segunda\/ca\/wp-json\/wp\/v2\/comments?post=92460"}],"version-history":[{"count":0,"href":"https:\/\/www.tucomarca.com\/wordpress\/segunda\/ca\/wp-json\/wp\/v2\/posts\/92460\/revisions"}],"wp:featuredmedia":[{"embeddable":true,"href":"https:\/\/www.tucomarca.com\/wordpress\/segunda\/ca\/wp-json\/wp\/v2\/media\/92450"}],"wp:attachment":[{"href":"https:\/\/www.tucomarca.com\/wordpress\/segunda\/ca\/wp-json\/wp\/v2\/media?parent=92460"}],"wp:term":[{"taxonomy":"category","embeddable":true,"href":"https:\/\/www.tucomarca.com\/wordpress\/segunda\/ca\/wp-json\/wp\/v2\/categories?post=92460"},{"taxonomy":"post_tag","embeddable":true,"href":"https:\/\/www.tucomarca.com\/wordpress\/segunda\/ca\/wp-json\/wp\/v2\/tags?post=92460"}],"curies":[{"name":"wp","href":"https:\/\/api.w.org\/{rel}","templated":true}]}}