{"id":92944,"date":"2019-10-06T22:07:59","date_gmt":"2019-10-06T20:07:59","guid":{"rendered":"http:\/\/www.tucomarca.com\/wordpress\/segunda\/?p=92944"},"modified":"2019-10-07T22:08:37","modified_gmt":"2019-10-07T20:08:37","slug":"el-consell-escolar-municipal-de-xest-aprova-el-calendari-dactivitats-educatives-de-2019-2020","status":"publish","type":"post","link":"https:\/\/www.tucomarca.com\/wordpress\/segunda\/ca\/el-consell-escolar-municipal-de-xest-aprova-el-calendari-dactivitats-educatives-de-2019-2020\/","title":{"rendered":"El consell escolar municipal de Xest aprova el calendari d&#8217;activitats educatives de 2019-2020"},"content":{"rendered":"\n<p>El consell escolar municipal de Xest s&#8217;ha reunit per aprovar les activitats educatives que es desenvoluparan al llarg del present curs escolar. A m\u00e9s, des de la regidoria d&#8217;Educaci\u00f3 es va donar a con\u00e8ixer el Centre Dona de Y\u00e1tova, dependent de la Generalitat, dirigit a dones v\u00edctimes de maltractaments, agressions o abusos sexuals o d&#8217;assetjament sexual en l&#8217;\u00e0mbit laboral. Aquest centre ofereix atenci\u00f3 directa gratu\u00efta en l&#8217;\u00e0mbit social, psicol\u00f2gic i jur\u00eddic per part de professionals durant les 24 hores del dia, tot l&#8217;any. A m\u00e9s, van estar convidats a assistir a la reuni\u00f3 del consell escolar el regidor d&#8217;Igualtat de l&#8217;Ajuntament, Ra\u00fal Mota, i les coordinadores d&#8217;igualtat dels centres educatius.<\/p>\n\n\n\n<p>En acabar la reuni\u00f3, la regidora d&#8217;Educaci\u00f3, M\u00aa \u00c1ngeles Llorente, va fer entrega d&#8217;una placa a Teo Vallet, en agra\u00efment a la seva participaci\u00f3 durant m\u00e9s d&#8217;una d\u00e8cada en el consell escolar municipal. &#8220;Com a presidenta del Consell Escolar Municipal i en representaci\u00f3 de tots els seus membres, agraeixo a Teo seva implicaci\u00f3 durant aquests anys per millorar la qualitat educativa a Xest&#8221;, destacava Llorente. &#8220;\u00c9s molt important que les fam\u00edlies participin en totes les decisions educatives i cal recon\u00e8ixer als pares i mares que s&#8217;impliquen, ja que fan un gran esfor\u00e7 de conciliaci\u00f3 amb el seu treball i dediquen un temps de manera altruista per al benefici de tots i totes. Per aix\u00f2, fem entrega d&#8217;aquesta placa, reconeixent la tasca realitzada per Teo Vallet durant tretze anys &#8220;.<\/p>\n\n\n\n<p><strong>Activitats educatives<\/strong><\/p>\n\n\n\n<p>Com es va acordar a la reuni\u00f3 del consell escolar municipal, continuar\u00e0 l&#8217;aposta per potenciar tant l&#8217;angl\u00e8s com el valenci\u00e0 a trav\u00e9s del teatre. Per aix\u00f2, s&#8217;han programat actuacions teatrals en valenci\u00e0 dirigides a alumnat d&#8217;educaci\u00f3 Infantil i Prim\u00e0ria i en angl\u00e8s per a Prim\u00e0ria, ESO i Batxillerat.<\/p>\n\n\n\n<p>Es mantindran en el calendari, entre altres, diverses activitats amb un caire solidari, com la celebraci\u00f3 de la setmana de les malalties rares, en col\u00b7laboraci\u00f3 amb l&#8217;associaci\u00f3 FEDER; la recollida de joguines per l&#8217;associaci\u00f3 &#8220;Pro-habitatge La Foia&#8221;; la celebraci\u00f3 de la III Jornada per la inclusi\u00f3; l&#8217;organitzaci\u00f3 del mercat ambulant solidari, la recaptaci\u00f3 anir\u00e0 destinada a C\u00e0ritas en aquesta ocasi\u00f3; i la campanya sobre acolliment familiar, que ja porta realitzant-se en els centres des d&#8217;inici del curs.<\/p>\n\n\n\n<p>Un dels projectes que abastar\u00e0 tot el curs ser\u00e0 el de &#8220;El gran joc dels escacs&#8221;, una activitat que suma ja cinc edicions, impulsada per Jos\u00e9 Miguel Martino, president del club d&#8217;escacs de Xest, al costat de la regidoria d&#8217;Educaci\u00f3, i que involucra tota la comunitat educativa. &#8220;El gran joc dels escacs&#8221; planteja la resoluci\u00f3 de problemes i preguntes relacionades amb els escacs i amb les diferents \u00e0rees del curr\u00edculum, amb l&#8217;objectiu de desenvolupar el pensament cr\u00edtic, la mem\u00f2ria, la creativitat, la concentraci\u00f3 i el respecte. De la mateixa manera es mantindr\u00e0 el Certamen literari escolar, una altra propostes educatives que es desenvolupa durant pr\u00e0cticament tot el curs i que gaudeix de gran \u00e8xit entre alumnes i alumnes.<\/p>\n\n\n\n<p>L&#8217;alumnat dels centres educatius de Xest tamb\u00e9 celebrar\u00e0 el Dia de l&#8217;Arbre, a finals de gener de 2020; i el carnaval, amb una desfilada programat per al 28 de febrer de 2020. I, per cinqu\u00e8 any consecutiu, es duran a terme les jornades intergeneracionals, mitjan\u00e7ant les quals es pret\u00e9n establir contacte entre persones de diferents generacions per afavorir un aprenentatge significatiu basat en l&#8217;intercanvi d&#8217;experi\u00e8ncies.<\/p>\n\n\n\n<p>A m\u00e9s, un any m\u00e9s, coincidint amb la celebraci\u00f3 del Dia del Llibre, es convocaran les jornades d&#8217;animaci\u00f3 a la lectura, coordinades des de la biblioteca municipal, del 22 d&#8217;abril al 5 de maig de 2020. El 2 de maig de 2020, dissabte , la pla\u00e7a Doctor Cajal acollir\u00e0 la Fira del Llibre, amb diferents activitats per a tota la fam\u00edlia. Tamb\u00e9 Graffitea Xest, un dels projectes m\u00e9s importants en la localitat a nivell cultural, ocupar\u00e0 el seu espai en l&#8217;agenda dels centres educatius, amb activitats art\u00edstiques per als m\u00e9s petits i les m\u00e9s petites, que tindran lloc durant la setmana del 11 al 17 de maig.<\/p>\n\n\n\n<p>Fora de l&#8217;horari escolar, com \u00e9s habitual, des de la regidoria d&#8217;Educaci\u00f3 s&#8217;organitzar\u00e0 una escola de pasqua, que es posar\u00e0 en marxa entre el 14 i el 17 d&#8217;abril de 2020, i una escola d&#8217;estiu, durant el mes de juliol de 2020.<\/p>\n\n\n\n<p>Finalment, la Fundaci\u00f3 Cajacheste oferir\u00e0 diferents activitats al llarg del curs escolar, sobre economia financera, t\u00e8cniques d&#8217;estudi o astronomia.<br><\/p>\n","protected":false},"excerpt":{"rendered":"<div class=\"mh-excerpt\">El consell escolar municipal de Xest s&#8217;ha reunit per aprovar les activitats educatives que es desenvoluparan al llarg del present curs escolar. A m\u00e9s, des de la regidoria d&#8217;Educaci\u00f3 es va donar a con\u00e8ixer el <a class=\"mh-excerpt-more\" href=\"https:\/\/www.tucomarca.com\/wordpress\/segunda\/ca\/el-consell-escolar-municipal-de-xest-aprova-el-calendari-dactivitats-educatives-de-2019-2020\/\" title=\"El consell escolar municipal de Xest aprova el calendari d&#8217;activitats educatives de 2019-2020\">[+] <\/a><\/div>\n","protected":false},"author":1,"featured_media":92942,"comment_status":"open","ping_status":"open","sticky":false,"template":"","format":"standard","meta":{"footnotes":""},"categories":[10894,10912,10896,10974],"tags":[],"class_list":{"0":"post-92944","1":"post","2":"type-post","3":"status-publish","4":"format-standard","5":"has-post-thumbnail","7":"category-la-comarca-ca","8":"category-la-hoya-ca","9":"category-seccion-ca","10":"category-cheste-ca"},"_links":{"self":[{"href":"https:\/\/www.tucomarca.com\/wordpress\/segunda\/ca\/wp-json\/wp\/v2\/posts\/92944","targetHints":{"allow":["GET"]}}],"collection":[{"href":"https:\/\/www.tucomarca.com\/wordpress\/segunda\/ca\/wp-json\/wp\/v2\/posts"}],"about":[{"href":"https:\/\/www.tucomarca.com\/wordpress\/segunda\/ca\/wp-json\/wp\/v2\/types\/post"}],"author":[{"embeddable":true,"href":"https:\/\/www.tucomarca.com\/wordpress\/segunda\/ca\/wp-json\/wp\/v2\/users\/1"}],"replies":[{"embeddable":true,"href":"https:\/\/www.tucomarca.com\/wordpress\/segunda\/ca\/wp-json\/wp\/v2\/comments?post=92944"}],"version-history":[{"count":0,"href":"https:\/\/www.tucomarca.com\/wordpress\/segunda\/ca\/wp-json\/wp\/v2\/posts\/92944\/revisions"}],"wp:featuredmedia":[{"embeddable":true,"href":"https:\/\/www.tucomarca.com\/wordpress\/segunda\/ca\/wp-json\/wp\/v2\/media\/92942"}],"wp:attachment":[{"href":"https:\/\/www.tucomarca.com\/wordpress\/segunda\/ca\/wp-json\/wp\/v2\/media?parent=92944"}],"wp:term":[{"taxonomy":"category","embeddable":true,"href":"https:\/\/www.tucomarca.com\/wordpress\/segunda\/ca\/wp-json\/wp\/v2\/categories?post=92944"},{"taxonomy":"post_tag","embeddable":true,"href":"https:\/\/www.tucomarca.com\/wordpress\/segunda\/ca\/wp-json\/wp\/v2\/tags?post=92944"}],"curies":[{"name":"wp","href":"https:\/\/api.w.org\/{rel}","templated":true}]}}