{"id":93150,"date":"2019-10-07T21:42:15","date_gmt":"2019-10-07T19:42:15","guid":{"rendered":"http:\/\/www.tucomarca.com\/wordpress\/segunda\/?p=93150"},"modified":"2019-10-07T21:42:28","modified_gmt":"2019-10-07T19:42:28","slug":"ovacio-final-del-public-de-xest-a-lobra-de-farandula-teatre-no-oblideu-les-seues-veus","status":"publish","type":"post","link":"https:\/\/www.tucomarca.com\/wordpress\/segunda\/ca\/ovacio-final-del-public-de-xest-a-lobra-de-farandula-teatre-no-oblideu-les-seues-veus\/","title":{"rendered":"Ovaci\u00f3 final del p\u00fablic de Xest a l&#8217;obra de Far\u00e0ndula Teatre &#8220;No oblideu les seues veus&#8221;"},"content":{"rendered":"\n<p>Diumenge passat, 6 d&#8217;octubre, el teatre Liceu va acollir l&#8217;acte d&#8217;obertura de la XXIII Mostra de Teatre no Professional de Xest, amb la representaci\u00f3 de la pe\u00e7a teatral &#8220;No oblideu les seves veus&#8221;, a c\u00e0rrec de la companyia local Far\u00e0ndula Teatre.<br>\n&#8220;Tota la poblaci\u00f3 ha de sentir-se orgullosa d&#8217;haver consolidat aquest espai col\u00b7lectiu de cultura amb maj\u00fascules; el teatre nodreix l&#8217;esperit i representa la naturalesa de l&#8217;\u00e9sser hum\u00e0, q\u00fcestionant el que estableixen, eixamplant les mires, \u00e9s un cam\u00ed d&#8217;emocions &#8220;, manifestava la regidora de Cultura, M\u00aa \u00c1ngeles Llorente, qui tamb\u00e9 va tenir unes paraules d&#8217;agra\u00efment per al director, Aaron S\u00e1nchez, i les quatre protagonistes de l&#8217;obra. &#8220;Moltes gr\u00e0cies a totes les persones de Far\u00e0ndula teatre, per ser vehements, per existir i per mantenir-vos al llarg de tant de temps, gr\u00e0cies per aixecar tant el llist\u00f3 cultural de Xest, pel vostre comprom\u00eds amb aquesta activitat i amb moltes altres en qu\u00e8 col\u00b7laboreu amb l&#8217;Ajuntament &#8220;.<br>\nDespr\u00e9s del discurs d&#8217;obertura, S\u00e1nchez tamb\u00e9 es va dirigir al p\u00fablic per explicar com havia estat el proc\u00e9s creatiu de l&#8217;obra. &#8220;El 2009 em vaig llegir La veu adormida i em vaig passar el trajecte plorant, el 2013 sense tenir ni idea de com s&#8217;adaptava un text literari al teatre vaig voler adaptar la novel\u00b7la de Dulce Chac\u00f3n, ho vaig fer, per\u00f2 el text no va poder posar-se dret . Passats uns anys, el 2017, vaig tenir la necessitat de parlar de la figura de la dona durant la guerra i el franquisme i sobre la meva pr\u00f2pia mem\u00f2ria familiar, reprenent els textos de Dulce Chac\u00f3n &#8220;, explicava el director. &#8220;No oblideu les seves veus \u00e9s el resultat del laboratori esc\u00e8nic que hem estat realitzant sobre Mem\u00f2ria Hist\u00f2rica, sobre la nostra mem\u00f2ria familiar i la figura de la dona. El que aneu a veure aqu\u00ed \u00e9s el resultat d&#8217;un treball col\u00b7lectiu en el qual els meus quatre companyes han estat part\u00edcips del proc\u00e9s creatiu, han estat actrius, int\u00e8rprets i creadores &#8220;.<br>\nAix\u00ed, la companyia va escenificar una cadena d&#8217;imatges que mostrava la vida de dones des de la d\u00e8cada dels quaranta fins a l&#8217;actualitat. En acabar, el teatre, amb l&#8217;aforament pr\u00e0cticament complet, es va posar dret i va ovacionar a les protagonistes i el director.<\/p>\n\n\n\n<p><strong>La mostra contin\u00faa<\/strong><\/p>\n\n\n\n<p>El diumenge 20 d&#8217;octubre la programaci\u00f3 de la mostra de teatre continua amb l&#8217;obra Amelia, que no et tallin les ales, creada per la Teta Calba per a la companyia Marea Dansa, tamb\u00e9 fora de concurs, que ve a Xest de la m\u00e0 del cicle de dones creadores &#8220;Juno a la tardor&#8221;, una iniciativa de l&#8217;Institut Valenci\u00e0 de Cultura (IVC) que porta a les poblacions de la Comunitat Valenciana propostes culturals creades per dones.<br>\nLa representaci\u00f3 explicar\u00e0 la hist\u00f2ria d&#8217;Amelia, una nena que somia amb ocells, amb els n\u00favols i amb mons petits als seus peus, amb una posada en escena que fusiona ball flamenc i dramat\u00fargia contempor\u00e0nia. Tal com assenyalen des de les companyies, &#8220;es tracta de la hist\u00f2ria de cada dona que es posa l&#8217;horitz\u00f3 com a l\u00edmit i la llibertat com a \u00fanic equipatge&#8221;.<br>\nLes pr\u00f2ximes obres de la Mostra de Teatre No professional de Xest s\u00f3n:<br>\nDiumenge, 27 de octubreEl unicorn trencat, de la companyia la Barraca de Federico.<br>\nDissabte, 2 de noviembreTerapia de grup, de la companyia Exklafido Teatre Chiva.<br>\nDiumenge, 3 de noviembreBodas de Sang, a c\u00e0rrec de la companyia Carabau Teatre.<br>\nDiumenge, 17 de NOVEMBRELa vinya, de la companyia paraskenia Teatre.<br>\nDissabte, 23 de noviembreChiquilladas, de la companyia Desnonament Teatre.<br>\nDissabte, 30 de noviembreGrease, de la companyia chestana Al comp\u00e0s.<br>\nDiumenge, 1 de diciembreLa vida \u00e9s somni, a c\u00e0rrec de la companyia Crida Teatre.<\/p>\n\n\n\n<ul class=\"wp-block-gallery columns-2 is-cropped wp-block-gallery-1 is-layout-flex wp-block-gallery-is-layout-flex\"><li class=\"blocks-gallery-item\"><figure><img loading=\"lazy\" decoding=\"async\" width=\"5885\" height=\"3928\" src=\"https:\/\/i0.wp.com\/www.tucomarca.com\/wordpress\/segunda\/wp-content\/uploads\/2019\/10\/1_FARANDULA.jpeg?fit=1024%2C683\" alt=\"\" data-id=\"93112\" data-link=\"http:\/\/www.tucomarca.com\/wordpress\/segunda\/?attachment_id=93112\" class=\"wp-image-93112\" srcset=\"https:\/\/www.tucomarca.com\/wordpress\/segunda\/wp-content\/uploads\/2019\/10\/1_FARANDULA.jpeg 5885w, https:\/\/www.tucomarca.com\/wordpress\/segunda\/wp-content\/uploads\/2019\/10\/1_FARANDULA-300x200.jpeg 300w, https:\/\/www.tucomarca.com\/wordpress\/segunda\/wp-content\/uploads\/2019\/10\/1_FARANDULA-768x513.jpeg 768w, https:\/\/www.tucomarca.com\/wordpress\/segunda\/wp-content\/uploads\/2019\/10\/1_FARANDULA-1024x683.jpeg 1024w\" sizes=\"auto, (max-width: 5885px) 100vw, 5885px\" \/><\/figure><\/li><li class=\"blocks-gallery-item\"><figure><img loading=\"lazy\" decoding=\"async\" width=\"7360\" height=\"4912\" src=\"https:\/\/i2.wp.com\/www.tucomarca.com\/wordpress\/segunda\/wp-content\/uploads\/2019\/10\/2_FARANDULA.jpeg?fit=1024%2C683\" alt=\"\" data-id=\"93114\" data-link=\"http:\/\/www.tucomarca.com\/wordpress\/segunda\/?attachment_id=93114\" class=\"wp-image-93114\" srcset=\"https:\/\/www.tucomarca.com\/wordpress\/segunda\/wp-content\/uploads\/2019\/10\/2_FARANDULA.jpeg 7360w, https:\/\/www.tucomarca.com\/wordpress\/segunda\/wp-content\/uploads\/2019\/10\/2_FARANDULA-300x200.jpeg 300w, https:\/\/www.tucomarca.com\/wordpress\/segunda\/wp-content\/uploads\/2019\/10\/2_FARANDULA-768x513.jpeg 768w, https:\/\/www.tucomarca.com\/wordpress\/segunda\/wp-content\/uploads\/2019\/10\/2_FARANDULA-1024x683.jpeg 1024w\" sizes=\"auto, (max-width: 7360px) 100vw, 7360px\" \/><\/figure><\/li><li class=\"blocks-gallery-item\"><figure><img loading=\"lazy\" decoding=\"async\" width=\"6540\" height=\"4365\" src=\"https:\/\/i1.wp.com\/www.tucomarca.com\/wordpress\/segunda\/wp-content\/uploads\/2019\/10\/3_FARANDULA.jpeg?fit=1024%2C683\" alt=\"\" data-id=\"93116\" data-link=\"http:\/\/www.tucomarca.com\/wordpress\/segunda\/?attachment_id=93116\" class=\"wp-image-93116\" srcset=\"https:\/\/www.tucomarca.com\/wordpress\/segunda\/wp-content\/uploads\/2019\/10\/3_FARANDULA.jpeg 6540w, https:\/\/www.tucomarca.com\/wordpress\/segunda\/wp-content\/uploads\/2019\/10\/3_FARANDULA-300x200.jpeg 300w, https:\/\/www.tucomarca.com\/wordpress\/segunda\/wp-content\/uploads\/2019\/10\/3_FARANDULA-768x513.jpeg 768w, https:\/\/www.tucomarca.com\/wordpress\/segunda\/wp-content\/uploads\/2019\/10\/3_FARANDULA-1024x683.jpeg 1024w\" sizes=\"auto, (max-width: 6540px) 100vw, 6540px\" \/><\/figure><\/li><li class=\"blocks-gallery-item\"><figure><img loading=\"lazy\" decoding=\"async\" width=\"6591\" height=\"4399\" src=\"https:\/\/i0.wp.com\/www.tucomarca.com\/wordpress\/segunda\/wp-content\/uploads\/2019\/10\/4_FARANDULA.jpeg?fit=1024%2C683\" alt=\"\" data-id=\"93118\" data-link=\"http:\/\/www.tucomarca.com\/wordpress\/segunda\/?attachment_id=93118\" class=\"wp-image-93118\" srcset=\"https:\/\/www.tucomarca.com\/wordpress\/segunda\/wp-content\/uploads\/2019\/10\/4_FARANDULA.jpeg 6591w, https:\/\/www.tucomarca.com\/wordpress\/segunda\/wp-content\/uploads\/2019\/10\/4_FARANDULA-300x200.jpeg 300w, https:\/\/www.tucomarca.com\/wordpress\/segunda\/wp-content\/uploads\/2019\/10\/4_FARANDULA-768x513.jpeg 768w, https:\/\/www.tucomarca.com\/wordpress\/segunda\/wp-content\/uploads\/2019\/10\/4_FARANDULA-1024x683.jpeg 1024w\" sizes=\"auto, (max-width: 6591px) 100vw, 6591px\" \/><\/figure><\/li><li class=\"blocks-gallery-item\"><figure><img loading=\"lazy\" decoding=\"async\" width=\"7360\" height=\"4912\" src=\"https:\/\/i1.wp.com\/www.tucomarca.com\/wordpress\/segunda\/wp-content\/uploads\/2019\/10\/5_FARANDULA.jpeg?fit=1024%2C683\" alt=\"\" data-id=\"93120\" data-link=\"http:\/\/www.tucomarca.com\/wordpress\/segunda\/?attachment_id=93120\" class=\"wp-image-93120\" srcset=\"https:\/\/www.tucomarca.com\/wordpress\/segunda\/wp-content\/uploads\/2019\/10\/5_FARANDULA.jpeg 7360w, https:\/\/www.tucomarca.com\/wordpress\/segunda\/wp-content\/uploads\/2019\/10\/5_FARANDULA-300x200.jpeg 300w, https:\/\/www.tucomarca.com\/wordpress\/segunda\/wp-content\/uploads\/2019\/10\/5_FARANDULA-768x513.jpeg 768w, https:\/\/www.tucomarca.com\/wordpress\/segunda\/wp-content\/uploads\/2019\/10\/5_FARANDULA-1024x683.jpeg 1024w\" sizes=\"auto, (max-width: 7360px) 100vw, 7360px\" \/><\/figure><\/li><li class=\"blocks-gallery-item\"><figure><img loading=\"lazy\" decoding=\"async\" width=\"5885\" height=\"3928\" src=\"https:\/\/i0.wp.com\/www.tucomarca.com\/wordpress\/segunda\/wp-content\/uploads\/2019\/10\/6_FARANDULA.jpeg?fit=1024%2C683\" alt=\"\" data-id=\"93122\" data-link=\"http:\/\/www.tucomarca.com\/wordpress\/segunda\/?attachment_id=93122\" class=\"wp-image-93122\" srcset=\"https:\/\/www.tucomarca.com\/wordpress\/segunda\/wp-content\/uploads\/2019\/10\/6_FARANDULA.jpeg 5885w, https:\/\/www.tucomarca.com\/wordpress\/segunda\/wp-content\/uploads\/2019\/10\/6_FARANDULA-300x200.jpeg 300w, https:\/\/www.tucomarca.com\/wordpress\/segunda\/wp-content\/uploads\/2019\/10\/6_FARANDULA-768x513.jpeg 768w, https:\/\/www.tucomarca.com\/wordpress\/segunda\/wp-content\/uploads\/2019\/10\/6_FARANDULA-1024x683.jpeg 1024w\" sizes=\"auto, (max-width: 5885px) 100vw, 5885px\" \/><\/figure><\/li><li class=\"blocks-gallery-item\"><figure><img loading=\"lazy\" decoding=\"async\" width=\"5679\" height=\"3790\" src=\"https:\/\/i2.wp.com\/www.tucomarca.com\/wordpress\/segunda\/wp-content\/uploads\/2019\/10\/7_FARANDULA.jpeg?fit=1024%2C683\" alt=\"\" data-id=\"93124\" data-link=\"http:\/\/www.tucomarca.com\/wordpress\/segunda\/?attachment_id=93124\" class=\"wp-image-93124\" srcset=\"https:\/\/www.tucomarca.com\/wordpress\/segunda\/wp-content\/uploads\/2019\/10\/7_FARANDULA.jpeg 5679w, https:\/\/www.tucomarca.com\/wordpress\/segunda\/wp-content\/uploads\/2019\/10\/7_FARANDULA-300x200.jpeg 300w, https:\/\/www.tucomarca.com\/wordpress\/segunda\/wp-content\/uploads\/2019\/10\/7_FARANDULA-768x513.jpeg 768w, https:\/\/www.tucomarca.com\/wordpress\/segunda\/wp-content\/uploads\/2019\/10\/7_FARANDULA-1024x683.jpeg 1024w\" sizes=\"auto, (max-width: 5679px) 100vw, 5679px\" \/><\/figure><\/li><li class=\"blocks-gallery-item\"><figure><img loading=\"lazy\" decoding=\"async\" width=\"3681\" height=\"5516\" src=\"https:\/\/i2.wp.com\/www.tucomarca.com\/wordpress\/segunda\/wp-content\/uploads\/2019\/10\/8_FARANDULA.jpeg?fit=683%2C1024\" alt=\"\" data-id=\"93126\" data-link=\"http:\/\/www.tucomarca.com\/wordpress\/segunda\/?attachment_id=93126\" class=\"wp-image-93126\" srcset=\"https:\/\/www.tucomarca.com\/wordpress\/segunda\/wp-content\/uploads\/2019\/10\/8_FARANDULA.jpeg 3681w, https:\/\/www.tucomarca.com\/wordpress\/segunda\/wp-content\/uploads\/2019\/10\/8_FARANDULA-200x300.jpeg 200w, https:\/\/www.tucomarca.com\/wordpress\/segunda\/wp-content\/uploads\/2019\/10\/8_FARANDULA-768x1151.jpeg 768w, https:\/\/www.tucomarca.com\/wordpress\/segunda\/wp-content\/uploads\/2019\/10\/8_FARANDULA-683x1024.jpeg 683w\" sizes=\"auto, (max-width: 3681px) 100vw, 3681px\" \/><\/figure><\/li><li class=\"blocks-gallery-item\"><figure><img loading=\"lazy\" decoding=\"async\" width=\"4092\" height=\"6131\" src=\"https:\/\/i2.wp.com\/www.tucomarca.com\/wordpress\/segunda\/wp-content\/uploads\/2019\/10\/9_FARANDULA.jpeg?fit=683%2C1024\" alt=\"\" data-id=\"93128\" data-link=\"http:\/\/www.tucomarca.com\/wordpress\/segunda\/?attachment_id=93128\" class=\"wp-image-93128\" srcset=\"https:\/\/www.tucomarca.com\/wordpress\/segunda\/wp-content\/uploads\/2019\/10\/9_FARANDULA.jpeg 4092w, https:\/\/www.tucomarca.com\/wordpress\/segunda\/wp-content\/uploads\/2019\/10\/9_FARANDULA-200x300.jpeg 200w, https:\/\/www.tucomarca.com\/wordpress\/segunda\/wp-content\/uploads\/2019\/10\/9_FARANDULA-768x1151.jpeg 768w, https:\/\/www.tucomarca.com\/wordpress\/segunda\/wp-content\/uploads\/2019\/10\/9_FARANDULA-683x1024.jpeg 683w\" sizes=\"auto, (max-width: 4092px) 100vw, 4092px\" \/><\/figure><\/li><li class=\"blocks-gallery-item\"><figure><img loading=\"lazy\" decoding=\"async\" width=\"6315\" height=\"4215\" src=\"https:\/\/i0.wp.com\/www.tucomarca.com\/wordpress\/segunda\/wp-content\/uploads\/2019\/10\/10_FARANDULA.jpeg?fit=1024%2C683\" alt=\"\" data-id=\"93130\" data-link=\"http:\/\/www.tucomarca.com\/wordpress\/segunda\/?attachment_id=93130\" class=\"wp-image-93130\" srcset=\"https:\/\/www.tucomarca.com\/wordpress\/segunda\/wp-content\/uploads\/2019\/10\/10_FARANDULA.jpeg 6315w, https:\/\/www.tucomarca.com\/wordpress\/segunda\/wp-content\/uploads\/2019\/10\/10_FARANDULA-300x200.jpeg 300w, https:\/\/www.tucomarca.com\/wordpress\/segunda\/wp-content\/uploads\/2019\/10\/10_FARANDULA-768x513.jpeg 768w, https:\/\/www.tucomarca.com\/wordpress\/segunda\/wp-content\/uploads\/2019\/10\/10_FARANDULA-1024x683.jpeg 1024w\" sizes=\"auto, (max-width: 6315px) 100vw, 6315px\" \/><\/figure><\/li><\/ul>\n","protected":false},"excerpt":{"rendered":"<div class=\"mh-excerpt\">Diumenge passat, 6 d&#8217;octubre, el teatre Liceu va acollir l&#8217;acte d&#8217;obertura de la XXIII Mostra de Teatre no Professional de Xest, amb la representaci\u00f3 de la pe\u00e7a teatral &#8220;No oblideu les seves veus&#8221;, a c\u00e0rrec <a class=\"mh-excerpt-more\" href=\"https:\/\/www.tucomarca.com\/wordpress\/segunda\/ca\/ovacio-final-del-public-de-xest-a-lobra-de-farandula-teatre-no-oblideu-les-seues-veus\/\" title=\"Ovaci\u00f3 final del p\u00fablic de Xest a l&#8217;obra de Far\u00e0ndula Teatre &#8220;No oblideu les seues veus&#8221;\">[+] <\/a><\/div>\n","protected":false},"author":12,"featured_media":93111,"comment_status":"open","ping_status":"open","sticky":false,"template":"","format":"standard","meta":{"footnotes":""},"categories":[10912,11007,10896,10974],"tags":[11618,11108,11109],"class_list":{"0":"post-93150","1":"post","2":"type-post","3":"status-publish","4":"format-standard","5":"has-post-thumbnail","7":"category-la-hoya-ca","8":"category-ocio-y-cultura-ca","9":"category-seccion-ca","10":"category-cheste-ca","11":"tag-farandula-teatro-cheste-ca","12":"tag-la-foia-de-bunyol-xiva","13":"tag-xest"},"_links":{"self":[{"href":"https:\/\/www.tucomarca.com\/wordpress\/segunda\/ca\/wp-json\/wp\/v2\/posts\/93150","targetHints":{"allow":["GET"]}}],"collection":[{"href":"https:\/\/www.tucomarca.com\/wordpress\/segunda\/ca\/wp-json\/wp\/v2\/posts"}],"about":[{"href":"https:\/\/www.tucomarca.com\/wordpress\/segunda\/ca\/wp-json\/wp\/v2\/types\/post"}],"author":[{"embeddable":true,"href":"https:\/\/www.tucomarca.com\/wordpress\/segunda\/ca\/wp-json\/wp\/v2\/users\/12"}],"replies":[{"embeddable":true,"href":"https:\/\/www.tucomarca.com\/wordpress\/segunda\/ca\/wp-json\/wp\/v2\/comments?post=93150"}],"version-history":[{"count":0,"href":"https:\/\/www.tucomarca.com\/wordpress\/segunda\/ca\/wp-json\/wp\/v2\/posts\/93150\/revisions"}],"wp:featuredmedia":[{"embeddable":true,"href":"https:\/\/www.tucomarca.com\/wordpress\/segunda\/ca\/wp-json\/wp\/v2\/media\/93111"}],"wp:attachment":[{"href":"https:\/\/www.tucomarca.com\/wordpress\/segunda\/ca\/wp-json\/wp\/v2\/media?parent=93150"}],"wp:term":[{"taxonomy":"category","embeddable":true,"href":"https:\/\/www.tucomarca.com\/wordpress\/segunda\/ca\/wp-json\/wp\/v2\/categories?post=93150"},{"taxonomy":"post_tag","embeddable":true,"href":"https:\/\/www.tucomarca.com\/wordpress\/segunda\/ca\/wp-json\/wp\/v2\/tags?post=93150"}],"curies":[{"name":"wp","href":"https:\/\/api.w.org\/{rel}","templated":true}]}}