{"id":93168,"date":"2019-10-06T23:38:28","date_gmt":"2019-10-06T21:38:28","guid":{"rendered":"http:\/\/www.tucomarca.com\/wordpress\/segunda\/ciudadanos-critica-la-falta-de-implicacion-del-psoe-de-alzira-con-la-conexion-de-la-ap-7\/"},"modified":"2019-10-07T22:41:31","modified_gmt":"2019-10-07T20:41:31","slug":"ciudadanos-critica-la-falta-de-implicacion-del-psoe-de-alzira-con-la-conexion-de-la-ap-7","status":"publish","type":"post","link":"https:\/\/www.tucomarca.com\/wordpress\/segunda\/ca\/ciudadanos-critica-la-falta-de-implicacion-del-psoe-de-alzira-con-la-conexion-de-la-ap-7\/","title":{"rendered":"Ciutadans critica la falta d&#8217;implicaci\u00f3 del PSOE d&#8217;Alzira amb la connexi\u00f3 de l&#8217;AP-7"},"content":{"rendered":"\n<p>El portaveu de Ciutadans (Cs) Alzira, Miguel Vidal, ha criticat &#8220;la falta d&#8217;implicaci\u00f3 del PSOE amb la connexi\u00f3 de l&#8217;AP-7&#8221;. Vidal ha expressat &#8220;la seva indignaci\u00f3 davant les promeses en \u00e8poca d&#8217;eleccions que despr\u00e9s mai es fan realitat&#8221;.<\/p>\n\n\n\n<p>En aquest sentit i despr\u00e9s de les not\u00edcies aparegudes en premsa aquesta setmana, el regidor de Cs ha destacat &#8220;la falta de suport del partit socialista, que est\u00e0 en l&#8217;equip de govern local, auton\u00f2mic i central, perqu\u00e8 la connexi\u00f3 amb l&#8217;AP-7 sigui una realitat el m\u00e9s aviat possible &#8220;.<\/p>\n\n\n\n<p>&#8220;Tornem a comprovar com aquells que van prometre treballar per Alzira, ara la ignoren&#8221;, ha denunciat Vidal. De la mateixa manera, ha assenyalat que &#8220;recordarem sempre a la ciutadania aquests anuncis que sonen molt b\u00e9 en campanya, per\u00f2 que despr\u00e9s queden en res&#8221;.<\/p>\n","protected":false},"excerpt":{"rendered":"<div class=\"mh-excerpt\">El portaveu de Ciutadans (Cs) Alzira, Miguel Vidal, ha criticat &#8220;la falta d&#8217;implicaci\u00f3 del PSOE amb la connexi\u00f3 de l&#8217;AP-7&#8221;. Vidal ha expressat &#8220;la seva indignaci\u00f3 davant les promeses en \u00e8poca d&#8217;eleccions que despr\u00e9s mai <a class=\"mh-excerpt-more\" href=\"https:\/\/www.tucomarca.com\/wordpress\/segunda\/ca\/ciudadanos-critica-la-falta-de-implicacion-del-psoe-de-alzira-con-la-conexion-de-la-ap-7\/\" title=\"Ciutadans critica la falta d&#8217;implicaci\u00f3 del PSOE d&#8217;Alzira amb la connexi\u00f3 de l&#8217;AP-7\">[+] <\/a><\/div>\n","protected":false},"author":1,"featured_media":77308,"comment_status":"open","ping_status":"open","sticky":false,"template":"","format":"standard","meta":{"footnotes":""},"categories":[10889,10894,10902,10947,10896],"tags":[],"class_list":{"0":"post-93168","1":"post","2":"type-post","3":"status-publish","4":"format-standard","5":"has-post-thumbnail","7":"category-alzira-cat","8":"category-la-comarca-ca","9":"category-la-ribera-ca","10":"category-politica","11":"category-seccion-ca"},"_links":{"self":[{"href":"https:\/\/www.tucomarca.com\/wordpress\/segunda\/ca\/wp-json\/wp\/v2\/posts\/93168","targetHints":{"allow":["GET"]}}],"collection":[{"href":"https:\/\/www.tucomarca.com\/wordpress\/segunda\/ca\/wp-json\/wp\/v2\/posts"}],"about":[{"href":"https:\/\/www.tucomarca.com\/wordpress\/segunda\/ca\/wp-json\/wp\/v2\/types\/post"}],"author":[{"embeddable":true,"href":"https:\/\/www.tucomarca.com\/wordpress\/segunda\/ca\/wp-json\/wp\/v2\/users\/1"}],"replies":[{"embeddable":true,"href":"https:\/\/www.tucomarca.com\/wordpress\/segunda\/ca\/wp-json\/wp\/v2\/comments?post=93168"}],"version-history":[{"count":0,"href":"https:\/\/www.tucomarca.com\/wordpress\/segunda\/ca\/wp-json\/wp\/v2\/posts\/93168\/revisions"}],"wp:featuredmedia":[{"embeddable":true,"href":"https:\/\/www.tucomarca.com\/wordpress\/segunda\/ca\/wp-json\/wp\/v2\/media\/77308"}],"wp:attachment":[{"href":"https:\/\/www.tucomarca.com\/wordpress\/segunda\/ca\/wp-json\/wp\/v2\/media?parent=93168"}],"wp:term":[{"taxonomy":"category","embeddable":true,"href":"https:\/\/www.tucomarca.com\/wordpress\/segunda\/ca\/wp-json\/wp\/v2\/categories?post=93168"},{"taxonomy":"post_tag","embeddable":true,"href":"https:\/\/www.tucomarca.com\/wordpress\/segunda\/ca\/wp-json\/wp\/v2\/tags?post=93168"}],"curies":[{"name":"wp","href":"https:\/\/api.w.org\/{rel}","templated":true}]}}