{"id":93186,"date":"2019-10-07T23:03:49","date_gmt":"2019-10-07T21:03:49","guid":{"rendered":"http:\/\/www.tucomarca.com\/wordpress\/segunda\/?p=93186"},"modified":"2019-10-07T23:03:57","modified_gmt":"2019-10-07T21:03:57","slug":"per-la-dignitat-de-les-persones-vigilia-organitzada-per-caritas-bunyol-i-la-comissio-de-sant-lluis-bertran","status":"publish","type":"post","link":"https:\/\/www.tucomarca.com\/wordpress\/segunda\/ca\/per-la-dignitat-de-les-persones-vigilia-organitzada-per-caritas-bunyol-i-la-comissio-de-sant-lluis-bertran\/","title":{"rendered":"\u00abPer la dignitat de les persones\u00bb, Vig\u00edlia organitzada per C\u00e0ritas Bunyol i la Comissi\u00f3 de Sant Llu\u00eds Bertran"},"content":{"rendered":"\n<p>Des del grup de C\u00e0ritas Bunyol, en col\u00b7laboraci\u00f3 amb la Comissi\u00f3 de Sant Llu\u00eds Bertran, \u00abtenim la intenci\u00f3 de celebrar una vig\u00edlia, que constar\u00e0 de dues parts: una primera part, Oraci\u00f3 + Reflexi\u00f3 (sobre les realitats de pobresa, desarrelament, etc. , amb les que ens trobem a la nostra ciutat) i una altra 2\u00aa part m\u00e9s simb\u00f2lica de sensibilitzaci\u00f3 (que consistir\u00e0 en recollir mantes, sacs de dormir, roba d&#8217;abric, etc., i que lliurarem a l&#8217;associaci\u00f3 &#8220;Amics del Carrer&#8221;), comptarem amb el testimoni directe dels voluntaris, la seva de fer dia a dia d&#8217;aquesta associaci\u00f3 que dedica el seu temps &#8220;lliure&#8221; a donar dignitat a les persones que viuen al carrer. Gr\u00e0cies per la vostra col\u00b7laboraci\u00f3 \u00bb.<\/p>\n","protected":false},"excerpt":{"rendered":"<div class=\"mh-excerpt\">Des del grup de C\u00e0ritas Bunyol, en col\u00b7laboraci\u00f3 amb la Comissi\u00f3 de Sant Llu\u00eds Bertran, \u00abtenim la intenci\u00f3 de celebrar una vig\u00edlia, que constar\u00e0 de dues parts: una primera part, Oraci\u00f3 + Reflexi\u00f3 (sobre les <a class=\"mh-excerpt-more\" href=\"https:\/\/www.tucomarca.com\/wordpress\/segunda\/ca\/per-la-dignitat-de-les-persones-vigilia-organitzada-per-caritas-bunyol-i-la-comissio-de-sant-lluis-bertran\/\" title=\"\u00abPer la dignitat de les persones\u00bb, Vig\u00edlia organitzada per C\u00e0ritas Bunyol i la Comissi\u00f3 de Sant Llu\u00eds Bertran\">[+] <\/a><\/div>\n","protected":false},"author":12,"featured_media":93174,"comment_status":"open","ping_status":"open","sticky":false,"template":"","format":"standard","meta":{"footnotes":""},"categories":[11019,10911,10912,10896],"tags":[10699],"class_list":{"0":"post-93186","1":"post","2":"type-post","3":"status-publish","4":"format-standard","5":"has-post-thumbnail","7":"category-agenda-ca","8":"category-bunol-ca","9":"category-la-hoya-ca","10":"category-seccion-ca","11":"tag-caritas-bunol"},"_links":{"self":[{"href":"https:\/\/www.tucomarca.com\/wordpress\/segunda\/ca\/wp-json\/wp\/v2\/posts\/93186","targetHints":{"allow":["GET"]}}],"collection":[{"href":"https:\/\/www.tucomarca.com\/wordpress\/segunda\/ca\/wp-json\/wp\/v2\/posts"}],"about":[{"href":"https:\/\/www.tucomarca.com\/wordpress\/segunda\/ca\/wp-json\/wp\/v2\/types\/post"}],"author":[{"embeddable":true,"href":"https:\/\/www.tucomarca.com\/wordpress\/segunda\/ca\/wp-json\/wp\/v2\/users\/12"}],"replies":[{"embeddable":true,"href":"https:\/\/www.tucomarca.com\/wordpress\/segunda\/ca\/wp-json\/wp\/v2\/comments?post=93186"}],"version-history":[{"count":0,"href":"https:\/\/www.tucomarca.com\/wordpress\/segunda\/ca\/wp-json\/wp\/v2\/posts\/93186\/revisions"}],"wp:featuredmedia":[{"embeddable":true,"href":"https:\/\/www.tucomarca.com\/wordpress\/segunda\/ca\/wp-json\/wp\/v2\/media\/93174"}],"wp:attachment":[{"href":"https:\/\/www.tucomarca.com\/wordpress\/segunda\/ca\/wp-json\/wp\/v2\/media?parent=93186"}],"wp:term":[{"taxonomy":"category","embeddable":true,"href":"https:\/\/www.tucomarca.com\/wordpress\/segunda\/ca\/wp-json\/wp\/v2\/categories?post=93186"},{"taxonomy":"post_tag","embeddable":true,"href":"https:\/\/www.tucomarca.com\/wordpress\/segunda\/ca\/wp-json\/wp\/v2\/tags?post=93186"}],"curies":[{"name":"wp","href":"https:\/\/api.w.org\/{rel}","templated":true}]}}