{"id":93200,"date":"2019-10-07T00:01:39","date_gmt":"2019-10-06T22:01:39","guid":{"rendered":"http:\/\/www.tucomarca.com\/wordpress\/segunda\/?p=93200"},"modified":"2019-10-09T15:13:34","modified_gmt":"2019-10-09T13:13:34","slug":"manises-desenvolupa-una-app-per-millorar-latencio-de-pacients-amb-malaltia-inflamatoria-intestinal","status":"publish","type":"post","link":"https:\/\/www.tucomarca.com\/wordpress\/segunda\/ca\/manises-desenvolupa-una-app-per-millorar-latencio-de-pacients-amb-malaltia-inflamatoria-intestinal\/","title":{"rendered":"Manises desenvolupa una app per millorar l&#8217;atenci\u00f3 de pacients amb Malaltia Inflamat\u00f2ria Intestinal"},"content":{"rendered":"\n<div class=\"wp-block-image\"><figure class=\"aligncenter is-resized\"><img loading=\"lazy\" decoding=\"async\" src=\"http:\/\/www.tucomarca.com\/wordpress\/segunda\/wp-content\/uploads\/2019\/10\/Imagen1.jpg\" alt=\"\" class=\"wp-image-92962\" width=\"258\" height=\"454\" srcset=\"https:\/\/www.tucomarca.com\/wordpress\/segunda\/wp-content\/uploads\/2019\/10\/Imagen1.jpg 418w, https:\/\/www.tucomarca.com\/wordpress\/segunda\/wp-content\/uploads\/2019\/10\/Imagen1-171x300.jpg 171w\" sizes=\"auto, (max-width: 258px) 100vw, 258px\" \/><figcaption>L&#8217;app, anomenada Adsum, permetr\u00e0 una comunicaci\u00f3 m\u00e9s fluida metge-pacient<\/figcaption><\/figure><\/div>\n\n\n\n<p><strong>L&#8217;app, anomenada Adsum, permetr\u00e0 una comunicaci\u00f3 m\u00e9s fluida metge-pacient, con\u00e8ixer en temps real l&#8217;estat del malalt i realitzar un seguiment m\u00e9s exhaustiu de la seua evoluci\u00f3<\/strong><\/p>\n\n\n\n<p><strong>Des de fa set anys, la Unitat de l&#8217;Hospital de Manises especialitzada en aquesta patologia ha incorporat eines de comunicaci\u00f3, basades en les noves tecnologies, per millorar l&#8217;assist\u00e8ncia als pacients<\/strong><\/p>\n\n\n\n<p>La Unitat de Malaltia Inflamat\u00f2ria Intestinal (MII) de l&#8217;Hospital de Manises ha posat en marxa una nova aplicaci\u00f3 per al m\u00f2bil orientada a afavorir la comunicaci\u00f3 dels pacients amb l&#8217;equip de professionals que els tracta i millorar, aix\u00ed, la qualitat assistencial oferta per a aquesta patologia digestiva. L&#8217;app, que porta el nom de Adsum, permet recollir informaci\u00f3 en temps real sobre l&#8217;estat de les persones que pateixen Colitis Ulcerosa i Malaltia de Chron i oferir un tractament personalitzat en base al registre de dades obtingudes di\u00e0riament.<\/p>\n\n\n\n<p>&#8220;Amb aquesta nova eina podem con\u00e8ixer m\u00e9s detalls sobre com es troba cada pacient i, com a conseq\u00fc\u00e8ncia, oferir una ter\u00e0pia m\u00e9s individualitzada i efica\u00e7 per a una malaltia que afecta cada any a prop de 15.000 persones a la Comunitat Valenciana&#8221;, explica Esther Hinojosa, data manager de la Unitat de Malaltia Inflamat\u00f2ria Intestinal.<\/p>\n\n\n\n<p>Des de 2012, aquesta Unitat de l&#8217;Hospital de Manises ha apostat per la introducci\u00f3 d&#8217;eines de comunicaci\u00f3, que utilitzen les novetats introdu\u00efdes per les noves tecnologies i que estan orientades especialment als pacients familiaritzats amb l&#8217;entorn digital. &#8220;Segons els especialistes, el 25% dels nous diagn\u00f2stics en Malaltia Inflamat\u00f2ria Intestinal (MII) es d\u00f3na en pacients joves menors de 20 anys. En el nostre cas, els pacients que atenem s\u00f3n majorit\u00e0riament joves actius que ens consulten constantment i demanen informaci\u00f3 &#8220;, afegeix Esther Hinojosa.<\/p>\n\n\n\n<p><strong>Com afavorir la comunicaci\u00f3 metge-pacient<\/strong><\/p>\n\n\n\n<p>Para atendre aquestes demandes, Adsum presenta diferents funcionalitats per a la relaci\u00f3 metge-pacient. Un cop registrat al m\u00f2bil, el pacient pot rebre i enviar missatges a qualsevol membre de l&#8217;equip cl\u00ednic multidisciplinari (metge, infermera, treballador social sanitari \u2026), seguir les seves recomanacions i mesurar els signes vitals per con\u00e8ixer l&#8217;evoluci\u00f3 de la malaltia, aix\u00ed com omplir q\u00fcestionaris, elaborats per professionals sanitaris sobre la base del pla de cures i els programes en qu\u00e8 participa cada persona.<\/p>\n\n\n\n<p>Des del punt de vista de la gesti\u00f3 hospital\u00e0ria, les noves tecnologies han obert noves possibilitats per als professionals sanitaris. &#8220;Amb l&#8217;ajuda de les TIC, el Servei Digestiu de l&#8217;Hospital de Manises vol millorar la relaci\u00f3 metge-pacient amb un intercanvi fluid d&#8217;informaci\u00f3 que quedi registrat en la hist\u00f2ria cl\u00ednica informatitzada podent aix\u00ed estalviar temps i recursos i millorar l&#8217;assist\u00e8ncia&#8221;, conclou la data manager de la Unitat de MII.<\/p>\n\n\n\n<p><strong>Unitat de refer\u00e8ncia<\/strong><\/p>\n\n\n\n<p>Actualment, la Unitat de Malaltia Inflamat\u00f2ria Intestinal de l&#8217;Hospital de Manises at\u00e9n m\u00e9s de 800 pacients afectats per MII. \u00c9s la primera unitat acreditada de MII a la Comunitat Valenciana, i la segona d&#8217;Espanya, atorgada pel Grup Espanyol de Treball en Malaltia de Crohn i Colitis Ulcerosa (GETECCU) i la Fundaci\u00f3 Ad Qualitatem. Una certificaci\u00f3 que situa al centre sanitari de Manises com un dels hospitals de refer\u00e8ncia nacional en aquest camp i que reconeix la qualitat assistencial i investigadora desenvolupada per la Unitat dirigida pel doctor Joaqu\u00edn Hinojosa, cap de Medicina Digestiva de l&#8217;Hospital de Manises.<\/p>\n\n\n\n<p>La Unitat de Malaltia Inflamat\u00f2ria Intestinal celebrar\u00e0 el 26 d&#8217;octubre la desena reuni\u00f3 de pacients, una trobada on participen els professionals de la Unitat format per equip multidisciplinari amb metges digestius, cirurgians, dermat\u00f2legs, reumat\u00f2legs i infermeres especialitzades, al costat de pacients, on s&#8217;aborden els dubtes i novetats respecte a aquesta patologia.<\/p>\n\n\n\n<p>Aquesta trobada coincideix amb els 10 anys d&#8217;activitat de l&#8217;Hospital de Manises i el Departament de Salut que d\u00f3na cobertura i assist\u00e8ncia sanit\u00e0ria, tant ambulat\u00f2ria com domicili\u00e0ria a trav\u00e9s de l&#8217;hospital, els centres de salut, consultoris locals, centres d&#8217;especialitats i Hospital de Cr\u00f2nics ubicat a Mislata, a m\u00e9s de 193.000 persones de 14 localitats. En aquest per\u00edode de temps l&#8217;Hospital ha consolidat un equip de m\u00e9s de 1.500 professionals centrats en l&#8217;assist\u00e8ncia de qualitat al pacient i uns excel\u00b7lents indicadors en excel\u00b7l\u00e8ncia i temps d&#8217;espera en consultes i temps d&#8217;espera.<\/p>\n","protected":false},"excerpt":{"rendered":"<div class=\"mh-excerpt\">L&#8217;app, anomenada Adsum, permetr\u00e0 una comunicaci\u00f3 m\u00e9s fluida metge-pacient, con\u00e8ixer en temps real l&#8217;estat del malalt i realitzar un seguiment m\u00e9s exhaustiu de la seua evoluci\u00f3 Des de fa set anys, la Unitat de l&#8217;Hospital <a class=\"mh-excerpt-more\" href=\"https:\/\/www.tucomarca.com\/wordpress\/segunda\/ca\/manises-desenvolupa-una-app-per-millorar-latencio-de-pacients-amb-malaltia-inflamatoria-intestinal\/\" title=\"Manises desenvolupa una app per millorar l&#8217;atenci\u00f3 de pacients amb Malaltia Inflamat\u00f2ria Intestinal\">[+] <\/a><\/div>\n","protected":false},"author":1,"featured_media":92957,"comment_status":"open","ping_status":"open","sticky":false,"template":"","format":"standard","meta":{"footnotes":""},"categories":[10892,11010,10894,10912,10896],"tags":[],"class_list":{"0":"post-93200","1":"post","2":"type-post","3":"status-publish","4":"format-standard","5":"has-post-thumbnail","7":"category-camp-de-turia-ca","8":"category-canal-salud","9":"category-la-comarca-ca","10":"category-la-hoya-ca","11":"category-seccion-ca"},"_links":{"self":[{"href":"https:\/\/www.tucomarca.com\/wordpress\/segunda\/ca\/wp-json\/wp\/v2\/posts\/93200","targetHints":{"allow":["GET"]}}],"collection":[{"href":"https:\/\/www.tucomarca.com\/wordpress\/segunda\/ca\/wp-json\/wp\/v2\/posts"}],"about":[{"href":"https:\/\/www.tucomarca.com\/wordpress\/segunda\/ca\/wp-json\/wp\/v2\/types\/post"}],"author":[{"embeddable":true,"href":"https:\/\/www.tucomarca.com\/wordpress\/segunda\/ca\/wp-json\/wp\/v2\/users\/1"}],"replies":[{"embeddable":true,"href":"https:\/\/www.tucomarca.com\/wordpress\/segunda\/ca\/wp-json\/wp\/v2\/comments?post=93200"}],"version-history":[{"count":0,"href":"https:\/\/www.tucomarca.com\/wordpress\/segunda\/ca\/wp-json\/wp\/v2\/posts\/93200\/revisions"}],"wp:featuredmedia":[{"embeddable":true,"href":"https:\/\/www.tucomarca.com\/wordpress\/segunda\/ca\/wp-json\/wp\/v2\/media\/92957"}],"wp:attachment":[{"href":"https:\/\/www.tucomarca.com\/wordpress\/segunda\/ca\/wp-json\/wp\/v2\/media?parent=93200"}],"wp:term":[{"taxonomy":"category","embeddable":true,"href":"https:\/\/www.tucomarca.com\/wordpress\/segunda\/ca\/wp-json\/wp\/v2\/categories?post=93200"},{"taxonomy":"post_tag","embeddable":true,"href":"https:\/\/www.tucomarca.com\/wordpress\/segunda\/ca\/wp-json\/wp\/v2\/tags?post=93200"}],"curies":[{"name":"wp","href":"https:\/\/api.w.org\/{rel}","templated":true}]}}