{"id":93214,"date":"2019-10-07T00:28:15","date_gmt":"2019-10-06T22:28:15","guid":{"rendered":"http:\/\/www.tucomarca.com\/wordpress\/segunda\/?p=93214"},"modified":"2019-10-09T15:09:30","modified_gmt":"2019-10-09T13:09:30","slug":"lajuntament-dutiel-mostra-el-seu-suport-a-comarques-veines-dinterior-en-la-seua-lluita-contra-la-despoblacio-rural","status":"publish","type":"post","link":"https:\/\/www.tucomarca.com\/wordpress\/segunda\/ca\/lajuntament-dutiel-mostra-el-seu-suport-a-comarques-veines-dinterior-en-la-seua-lluita-contra-la-despoblacio-rural\/","title":{"rendered":"L&#8217;Ajuntament d&#8217;Utiel mostra el seu suport a comarques ve\u00efnes d&#8217;interior en la seua lluita contra la despoblaci\u00f3 rural"},"content":{"rendered":"\n<p>L&#8217;Associaci\u00f3 d&#8217;Emprenedors Rurals-AER va celebrar a Adem\u00fas la II Jornada sobre la despoblaci\u00f3 rural a la qual assistia en representaci\u00f3 de l&#8217;Ajuntament d&#8217;Utiel el Regidor de Desenvolupament Rural i Medi Ambient, \u00d3scar Latorre.<\/p>\n\n\n\n<p>En aquesta segona edici\u00f3, es va abordar la realitat de la despoblaci\u00f3 al Rac\u00f3 d&#8217;Adem\u00fas i els Serrans, comarques ve\u00efnes de l&#8217;interior de la prov\u00edncia de Val\u00e8ncia immerses en un decreixement poblacional continu que Utiel-Requena tamb\u00e9 est\u00e0 experimentant, encara que en menor grau.&nbsp;<\/p>\n\n\n\n<p>Les comarques de la Regi\u00f3 muntanyenca, el Rac\u00f3 d&#8217;Adem\u00fas i la Vall d&#8217;Aiora-Cofrents registren el descens poblacional m\u00e9s intens de les comarques de la prov\u00edncia de Val\u00e8ncia. A aquesta caiguda contribueixen tant el saldo natural com el migratori negatius. En el cas d&#8217;Utiel-Requena, es tracta de la cinquena comarca menys poblada de la prov\u00edncia i de la mateixa manera que la resta de comarques d&#8217;interior presenta una estructura poblacional envellida.<\/p>\n\n\n\n<p>En la trobada, els representants de l&#8217;Associaci\u00f3 d&#8217;Emprenedors Rurals (AER) i diferents agents empresarials van mostrar la necessitat de seguir apostant per la dinamitzaci\u00f3 rural i la posada en valor dels recursos naturals, patrimonials i tur\u00edstics amb car\u00e0cter diferenciador en zones d&#8217;interior.<\/p>\n\n\n\n<p>L&#8217;acte es va celebrar a Adem\u00fas i va comptar amb la participaci\u00f3 de diferents representants pol\u00edtics de municipis de comarques d&#8217;interior aix\u00ed com la intervenci\u00f3 de la directora general de l&#8217;Agenda Valenciana Antidespoblamiento (Avant), Jeanette Segarra.<\/p>\n\n\n\n<p>La directora general d&#8217;Avant va subratllar que la despoblaci\u00f3 ja forma part de l&#8217;agenda pol\u00edtica valenciana i va recon\u00e8ixer el desequilibri territorial actual entre les zones de llevant i d&#8217;interior. Segarra va destacar la necessitat d&#8217;implantar una discriminaci\u00f3 fiscal positiva al costat d&#8217;una adaptaci\u00f3 de la legislaci\u00f3 a la realitat rural.<\/p>\n\n\n\n<p>Despr\u00e9s de l&#8217;assist\u00e8ncia a les jornades, el regidor de Desenvolupament Rural i Medi Ambient, \u00d3scar Latorre, ha incidit en la conveni\u00e8ncia de dur a terme accions coordinades conjuntes per crear un front com\u00fa entre totes les tots els municipis d&#8217;interior de la Comunitat Valenciana.<\/p>\n","protected":false},"excerpt":{"rendered":"<div class=\"mh-excerpt\">L&#8217;Associaci\u00f3 d&#8217;Emprenedors Rurals-AER va celebrar a Adem\u00fas la II Jornada sobre la despoblaci\u00f3 rural a la qual assistia en representaci\u00f3 de l&#8217;Ajuntament d&#8217;Utiel el Regidor de Desenvolupament Rural i Medi Ambient, \u00d3scar Latorre. En aquesta <a class=\"mh-excerpt-more\" href=\"https:\/\/www.tucomarca.com\/wordpress\/segunda\/ca\/lajuntament-dutiel-mostra-el-seu-suport-a-comarques-veines-dinterior-en-la-seua-lluita-contra-la-despoblacio-rural\/\" title=\"L&#8217;Ajuntament d&#8217;Utiel mostra el seu suport a comarques ve\u00efnes d&#8217;interior en la seua lluita contra la despoblaci\u00f3 rural\">[+] <\/a><\/div>\n","protected":false},"author":12,"featured_media":92954,"comment_status":"open","ping_status":"open","sticky":false,"template":"","format":"standard","meta":{"footnotes":""},"categories":[10890,10926,11046,10948,10894,10909,10896,11059],"tags":[],"class_list":{"0":"post-93214","1":"post","2":"type-post","3":"status-publish","4":"format-standard","5":"has-post-thumbnail","7":"category-ademus","8":"category-ademus-ca","9":"category-los-serranos-ca","10":"category-infraestructuras-ca","11":"category-la-comarca-ca","12":"category-requena-utiel-ca","13":"category-seccion-ca","14":"category-utiel-ca"},"_links":{"self":[{"href":"https:\/\/www.tucomarca.com\/wordpress\/segunda\/ca\/wp-json\/wp\/v2\/posts\/93214","targetHints":{"allow":["GET"]}}],"collection":[{"href":"https:\/\/www.tucomarca.com\/wordpress\/segunda\/ca\/wp-json\/wp\/v2\/posts"}],"about":[{"href":"https:\/\/www.tucomarca.com\/wordpress\/segunda\/ca\/wp-json\/wp\/v2\/types\/post"}],"author":[{"embeddable":true,"href":"https:\/\/www.tucomarca.com\/wordpress\/segunda\/ca\/wp-json\/wp\/v2\/users\/12"}],"replies":[{"embeddable":true,"href":"https:\/\/www.tucomarca.com\/wordpress\/segunda\/ca\/wp-json\/wp\/v2\/comments?post=93214"}],"version-history":[{"count":0,"href":"https:\/\/www.tucomarca.com\/wordpress\/segunda\/ca\/wp-json\/wp\/v2\/posts\/93214\/revisions"}],"wp:featuredmedia":[{"embeddable":true,"href":"https:\/\/www.tucomarca.com\/wordpress\/segunda\/ca\/wp-json\/wp\/v2\/media\/92954"}],"wp:attachment":[{"href":"https:\/\/www.tucomarca.com\/wordpress\/segunda\/ca\/wp-json\/wp\/v2\/media?parent=93214"}],"wp:term":[{"taxonomy":"category","embeddable":true,"href":"https:\/\/www.tucomarca.com\/wordpress\/segunda\/ca\/wp-json\/wp\/v2\/categories?post=93214"},{"taxonomy":"post_tag","embeddable":true,"href":"https:\/\/www.tucomarca.com\/wordpress\/segunda\/ca\/wp-json\/wp\/v2\/tags?post=93214"}],"curies":[{"name":"wp","href":"https:\/\/api.w.org\/{rel}","templated":true}]}}