{"id":93225,"date":"2019-10-06T00:46:39","date_gmt":"2019-10-05T22:46:39","guid":{"rendered":"http:\/\/www.tucomarca.com\/wordpress\/segunda\/?p=93225"},"modified":"2019-10-09T15:19:14","modified_gmt":"2019-10-09T13:19:14","slug":"requena-se-suma-un-any-mes-a-la-ruta-de-la-salut","status":"publish","type":"post","link":"https:\/\/www.tucomarca.com\/wordpress\/segunda\/ca\/requena-se-suma-un-any-mes-a-la-ruta-de-la-salut\/","title":{"rendered":"Requena se suma un any m\u00e9s a &#8220;La Ruta de la Salut&#8221;"},"content":{"rendered":"\n<p><strong>El programa &#8220;La Ruta de la Salut&#8221; arriba un any m\u00e9s a la ciutat de Requena.<\/strong><\/p>\n\n\n\n<p><strong>Ser\u00e0 aquest dilluns 7 d&#8217;octubre a les 17:00 al Centre Social de municipi, situat al carrer Vila Joiosa.<\/strong><\/p>\n\n\n\n<p>Aquesta jornada, que s&#8217;emmarca dins de les iniciatives promogudes per la Diputaci\u00f3 Provincial de Val\u00e8ncia i la Generalitat Valenciana, compta amb un bon nombre de xerrades informatives al voltant d&#8217;aspectes sanitaris primordials per a la poblaci\u00f3, aix\u00ed com tamb\u00e9 amb la realitzaci\u00f3 de diverses proves m\u00e8diques durant el transcurs de la mateixa.<\/p>\n\n\n\n<p>El seu objectiu no \u00e9s altre que el d&#8217;oferir als ciutadans un servei de salut preventiu que inclou la realitzaci\u00f3 d&#8217;accions sociosanit\u00e0ries orientades a proporcionar informaci\u00f3 m\u00e8dica i relacionada amb h\u00e0bits de vida saludable.<\/p>\n\n\n\n<p>D&#8217;aquesta manera, les xerrades que s&#8217;impartiran abastaran les seg\u00fcents mat\u00e8ries:<\/p>\n\n\n\n<p>\u2022 Obesitat, nutrici\u00f3 i exercici f\u00edsic. La diabetis.<\/p>\n\n\n\n<p>\u2022 Factors de risc cardiovascular. Prevenci\u00f3 de l&#8217;ictus i l&#8217;infart.<\/p>\n\n\n\n<p>\u2022 Malalties respirat\u00f2ries: MPOC, apnea del son, la grip i la vacunaci\u00f3.<\/p>\n\n\n\n<p>\u2022 Osteoporosi, artrosi i altres malalties reumatol\u00f2giques i dels ossos.<\/p>\n\n\n\n<p>D&#8217;altra banda, les proves m\u00e8diques que estaran duent a terme al llarg d&#8217;aquest esdeveniment seran:<\/p>\n\n\n\n<p>\u2022 Estaci\u00f3 risc cardiovascular: c\u00e0lcul del risc, presa de tensi\u00f3, gluc\u00e8mia i electrocardiograma.<\/p>\n\n\n\n<p>\u2022 Estaci\u00f3 pneumologia: espirometria, cooximetria, prevenci\u00f3 i vacunaci\u00f3 contra la grip.<\/p>\n\n\n\n<p>\u2022 Estaci\u00f3 diet\u00e8tica: consells de nutrici\u00f3 i exercici f\u00edsic, massa corporal i bioimpedanciometr\u00edas.<\/p>\n\n\n\n<p>\u2022 Estaci\u00f3 reumatol\u00f2gica: c\u00e0lcul del risc de fractura \u00f2ssia, osteoporosi, consells per prevenir l&#8217;osteoporosi.<\/p>\n\n\n\n<p>\u2022 Estaci\u00f3 oncol\u00f2gica: prevenci\u00f3 del c\u00e0ncer (informaci\u00f3 sobre programes existents referents a c\u00e0ncer de mama, c\u00f2lon, etc.)<\/p>\n\n\n\n<p>\u2022 Reanimaci\u00f3 cardiopulmonar. \u00das de desfibril\u00b7ladors autom\u00e0tics (pr\u00e8via petici\u00f3 de l&#8217;ajuntament).<\/p>\n\n\n\n<p>El programa inclou, a m\u00e9s, una taula informativa sobre h\u00e0bits saludables.<\/p>\n","protected":false},"excerpt":{"rendered":"<div class=\"mh-excerpt\">El programa &#8220;La Ruta de la Salut&#8221; arriba un any m\u00e9s a la ciutat de Requena. Ser\u00e0 aquest dilluns 7 d&#8217;octubre a les 17:00 al Centre Social de municipi, situat al carrer Vila Joiosa. Aquesta <a class=\"mh-excerpt-more\" href=\"https:\/\/www.tucomarca.com\/wordpress\/segunda\/ca\/requena-se-suma-un-any-mes-a-la-ruta-de-la-salut\/\" title=\"Requena se suma un any m\u00e9s a &#8220;La Ruta de la Salut&#8221;\">[+] <\/a><\/div>\n","protected":false},"author":12,"featured_media":92912,"comment_status":"open","ping_status":"open","sticky":false,"template":"","format":"standard","meta":{"footnotes":""},"categories":[11019,10909,10896,11059],"tags":[],"class_list":{"0":"post-93225","1":"post","2":"type-post","3":"status-publish","4":"format-standard","5":"has-post-thumbnail","7":"category-agenda-ca","8":"category-requena-utiel-ca","9":"category-seccion-ca","10":"category-utiel-ca"},"_links":{"self":[{"href":"https:\/\/www.tucomarca.com\/wordpress\/segunda\/ca\/wp-json\/wp\/v2\/posts\/93225","targetHints":{"allow":["GET"]}}],"collection":[{"href":"https:\/\/www.tucomarca.com\/wordpress\/segunda\/ca\/wp-json\/wp\/v2\/posts"}],"about":[{"href":"https:\/\/www.tucomarca.com\/wordpress\/segunda\/ca\/wp-json\/wp\/v2\/types\/post"}],"author":[{"embeddable":true,"href":"https:\/\/www.tucomarca.com\/wordpress\/segunda\/ca\/wp-json\/wp\/v2\/users\/12"}],"replies":[{"embeddable":true,"href":"https:\/\/www.tucomarca.com\/wordpress\/segunda\/ca\/wp-json\/wp\/v2\/comments?post=93225"}],"version-history":[{"count":0,"href":"https:\/\/www.tucomarca.com\/wordpress\/segunda\/ca\/wp-json\/wp\/v2\/posts\/93225\/revisions"}],"wp:featuredmedia":[{"embeddable":true,"href":"https:\/\/www.tucomarca.com\/wordpress\/segunda\/ca\/wp-json\/wp\/v2\/media\/92912"}],"wp:attachment":[{"href":"https:\/\/www.tucomarca.com\/wordpress\/segunda\/ca\/wp-json\/wp\/v2\/media?parent=93225"}],"wp:term":[{"taxonomy":"category","embeddable":true,"href":"https:\/\/www.tucomarca.com\/wordpress\/segunda\/ca\/wp-json\/wp\/v2\/categories?post=93225"},{"taxonomy":"post_tag","embeddable":true,"href":"https:\/\/www.tucomarca.com\/wordpress\/segunda\/ca\/wp-json\/wp\/v2\/tags?post=93225"}],"curies":[{"name":"wp","href":"https:\/\/api.w.org\/{rel}","templated":true}]}}