{"id":93257,"date":"2019-10-06T01:36:19","date_gmt":"2019-10-05T23:36:19","guid":{"rendered":"http:\/\/www.tucomarca.com\/wordpress\/segunda\/?p=93257"},"modified":"2019-10-09T15:15:25","modified_gmt":"2019-10-09T13:15:25","slug":"riba-roja-de-turia-augmenta-un-25-la-renda-economica-mitjana-anual-per-llar-a-la-comarca-en-els-ultims-anys","status":"publish","type":"post","link":"https:\/\/www.tucomarca.com\/wordpress\/segunda\/ca\/riba-roja-de-turia-augmenta-un-25-la-renda-economica-mitjana-anual-per-llar-a-la-comarca-en-els-ultims-anys\/","title":{"rendered":"Riba-roja de T\u00faria augmenta un 2&#8217;5% la renda econ\u00f2mica mitjana anual per llar a la comarca en els \u00faltims anys"},"content":{"rendered":"\n<p>La localitat de Riba-roja de T\u00faria ha augmentat en un 2&#8217;5% la renda econ\u00f2mica mitjana per llar en els \u00faltims anys i se situa en quart lloc en el global de la comarca en passar dels 29.402 euros de l&#8217;any 2015 als 30.148 euros de l&#8217;exercici de 2016, segons les dades publicades per l&#8217;Institut Nacional d&#8217;Estad\u00edstica (INE) en l&#8217;Atles de Distribuci\u00f3 de Renda de les Llars (ADRH).<\/p>\n\n\n\n<p> Riba-roja se situa, d&#8217;aquesta manera, en el quart lloc en el global de la comarca del Camp de T\u00faria en renda mitjana per llar durant aquest per\u00edode de temps i el cinqu\u00e8 en la renda mitjana per persona, en la qual de 10.593 euros de l&#8217;any 2015 s&#8217;ha passat a 10.677 euros de l&#8217;exercici de l&#8217;any 2016. En ambd\u00f3s casos el r\u00e0nquing de la comarca no pateix cap tipus de variaci\u00f3.&nbsp;<\/p>\n\n\n\n<p> Aix\u00ed, en el llistat de la renda mitjana per llar Riba-roja se situa en el quart lloc per darrere de Sant Antoni de Benag\u00e9ber (41.125 euros), l&#8217;Eliana (40.704 euros) i B\u00e9tera (36.084 euros). Quant a la llista la renda mitjana per persona Riba-roja ocupa el cinqu\u00e8 lloc per darrere de Sant Antoni de Benag\u00e9ber (13.780 euros), l&#8217;Eliana (13.774 euros), B\u00e9tera (13.043 euros), la Pobla de Vallbona (10.688) mentre que Riba-roja se situa a escassos 11 euros de difer\u00e8ncia amb 10.677 euros anuals.<\/p>\n\n\n\n<p> En el cas dels municipis de m\u00e9s de 20.000 habitants de la comarca -una condici\u00f3 que comparteix amb la Pobla de Vallbona, B\u00e9tera i Ll\u00edria-, Riba-roja ocupa el segon lloc en l&#8217;apartat de renda mitjana per llar per darrere de localitats com Betera mentre que en llistat de les rendes mitjanes per persona se situa en el tercer lloc despr\u00e9s de Betera i la Pobla de Vallbona.<\/p>\n\n\n\n<p> L&#8217;Atles de Distribuci\u00f3 de Renda de les Llars (ADRH) publicat per l&#8217;INE radiografia la situaci\u00f3 actual a la totalitat dels municipis valencians que encap\u00e7ala Rocafort (15.627 euros) i Godella (14.304 euros), entre molts altres.<\/p>\n\n\n\n<p> L&#8217;alcalde de Riba-roja de T\u00faria, Robert Raga, ha manifestat que aquestes dades &#8220;reflecteixen la millora que s&#8217;ha experimentat en el nostre municipi entre els anys 2015 i 2016 en renda per c\u00e0pita tant de forma personal com en economia familiar, amb una baixada d&#8217;impostos cap a les fam\u00edlies i una millora en els serveis p\u00fablics gr\u00e0cies a una eficient pol\u00edtica fiscal; sense entrar en debats triomfalistes, les xifres ens animen a continuar en la mateixa l\u00ednia de gesti\u00f3 duta a terme durant els \u00faltims anys &#8220;.<\/p>\n\n\n\n<p>Raga ha subratllat els projectes i les iniciatives desenvolupades al llarg de la passada legislatura &#8220;en benefici del teixit industrial aix\u00ed com les petites i mitjanes empreses, a m\u00e9s d&#8217;altres pol\u00edtiques de formaci\u00f3 i qualificaci\u00f3 professional i els programes d&#8217;inserci\u00f3 laboral, dedicats cap a totes les persones que actualment hi ha parades a Riba-roja &#8220;.<\/p>\n","protected":false},"excerpt":{"rendered":"<div class=\"mh-excerpt\">La localitat de Riba-roja de T\u00faria ha augmentat en un 2&#8217;5% la renda econ\u00f2mica mitjana per llar en els \u00faltims anys i se situa en quart lloc en el global de la comarca en passar <a class=\"mh-excerpt-more\" href=\"https:\/\/www.tucomarca.com\/wordpress\/segunda\/ca\/riba-roja-de-turia-augmenta-un-25-la-renda-economica-mitjana-anual-per-llar-a-la-comarca-en-els-ultims-anys\/\" title=\"Riba-roja de T\u00faria augmenta un 2&#8217;5% la renda econ\u00f2mica mitjana anual per llar a la comarca en els \u00faltims anys\">[+] <\/a><\/div>\n","protected":false},"author":1,"featured_media":92810,"comment_status":"open","ping_status":"open","sticky":false,"template":"","format":"standard","meta":{"footnotes":""},"categories":[10892,10898,10894,10947,10906,10896],"tags":[],"class_list":{"0":"post-93257","1":"post","2":"type-post","3":"status-publish","4":"format-standard","5":"has-post-thumbnail","7":"category-camp-de-turia-ca","8":"category-ventana-ca","9":"category-la-comarca-ca","10":"category-politica","11":"category-riba-roja-ca","12":"category-seccion-ca"},"_links":{"self":[{"href":"https:\/\/www.tucomarca.com\/wordpress\/segunda\/ca\/wp-json\/wp\/v2\/posts\/93257","targetHints":{"allow":["GET"]}}],"collection":[{"href":"https:\/\/www.tucomarca.com\/wordpress\/segunda\/ca\/wp-json\/wp\/v2\/posts"}],"about":[{"href":"https:\/\/www.tucomarca.com\/wordpress\/segunda\/ca\/wp-json\/wp\/v2\/types\/post"}],"author":[{"embeddable":true,"href":"https:\/\/www.tucomarca.com\/wordpress\/segunda\/ca\/wp-json\/wp\/v2\/users\/1"}],"replies":[{"embeddable":true,"href":"https:\/\/www.tucomarca.com\/wordpress\/segunda\/ca\/wp-json\/wp\/v2\/comments?post=93257"}],"version-history":[{"count":0,"href":"https:\/\/www.tucomarca.com\/wordpress\/segunda\/ca\/wp-json\/wp\/v2\/posts\/93257\/revisions"}],"wp:featuredmedia":[{"embeddable":true,"href":"https:\/\/www.tucomarca.com\/wordpress\/segunda\/ca\/wp-json\/wp\/v2\/media\/92810"}],"wp:attachment":[{"href":"https:\/\/www.tucomarca.com\/wordpress\/segunda\/ca\/wp-json\/wp\/v2\/media?parent=93257"}],"wp:term":[{"taxonomy":"category","embeddable":true,"href":"https:\/\/www.tucomarca.com\/wordpress\/segunda\/ca\/wp-json\/wp\/v2\/categories?post=93257"},{"taxonomy":"post_tag","embeddable":true,"href":"https:\/\/www.tucomarca.com\/wordpress\/segunda\/ca\/wp-json\/wp\/v2\/tags?post=93257"}],"curies":[{"name":"wp","href":"https:\/\/api.w.org\/{rel}","templated":true}]}}