{"id":93266,"date":"2019-10-08T02:00:21","date_gmt":"2019-10-08T00:00:21","guid":{"rendered":"http:\/\/www.tucomarca.com\/wordpress\/segunda\/?p=93266"},"modified":"2019-10-09T15:06:16","modified_gmt":"2019-10-09T13:06:16","slug":"mes-de-4-500-persones-visiten-la-diputacio-a-les-jornades-de-portes-obertes-amb-motiu-del-9-doctubre","status":"publish","type":"post","link":"https:\/\/www.tucomarca.com\/wordpress\/segunda\/ca\/mes-de-4-500-persones-visiten-la-diputacio-a-les-jornades-de-portes-obertes-amb-motiu-del-9-doctubre\/","title":{"rendered":"M\u00e9s de 4.500 persones visiten la Diputaci\u00f3 a les jornades de portes obertes amb motiu del 9 d&#8217;Octubre"},"content":{"rendered":"\n<p>M\u00e9s de 4.500 persones van visitar aquest passat cap de setmana els palaus de la Batlia i Els Scala, seu central de la Diputaci\u00f3 de Val\u00e8ncia, en les jornades de &#8216;Palaus oberts&#8217; amb motiu de la festivitat del 9 d&#8217;Octubre. Els visitants van poder rec\u00f3rrer diverses estances de la corporaci\u00f3 provincial, des dels patis g\u00f2tics fins al sal\u00f3 de plens, passant pel despatx del president, l&#8217;Escala Imperial o la sala de Respecte.<\/p>\n\n\n\n<p>Les jornades de &#8216;Palaus oberts&#8217; de dissabte i diumenge van servir a m\u00e9s per apropar a la ciutadania alguns dels tresors patrimonials de la Diputaci\u00f3, com la &#8216;Cadira d&#8217;Or&#8217; utilitzada pel rei Alfons XIII a l&#8217;Exposici\u00f3 Regional de 1909 i el quadre d&#8217;Ignacio Pinazo &#8216;Mort del Rei en Jaume i&#8217;, que ha estat exposat durant el cap de setmana a la Sala d&#8217;Respecte al costat de tres esbossos de l&#8217;obra del mateix autor, becat per la Diputaci\u00f3 a la fi del segle XIX, i una mostra fotogr\u00e0fica de la celebraci\u00f3 del 9 d&#8217;Octubre a 1932 a Val\u00e8ncia.&nbsp;<\/p>\n\n\n\n<p>Les activitats programades per la Diputaci\u00f3 amb motiu del 9 d&#8217;Octubre, en col\u00b7laboraci\u00f3 amb la Generalitat, continuaran aquest dimarts a pla\u00e7a Manises, amb el concert a les 23.30 hores en el qual tocaran Els J\u00f3vens i Soledad V\u00e9lez, i que finalitzar\u00e0 ja entrada la matinada amb els djs Zero en Conducta.<\/p>\n","protected":false},"excerpt":{"rendered":"<div class=\"mh-excerpt\">M\u00e9s de 4.500 persones van visitar aquest passat cap de setmana els palaus de la Batlia i Els Scala, seu central de la Diputaci\u00f3 de Val\u00e8ncia, en les jornades de &#8216;Palaus oberts&#8217; amb motiu de <a class=\"mh-excerpt-more\" href=\"https:\/\/www.tucomarca.com\/wordpress\/segunda\/ca\/mes-de-4-500-persones-visiten-la-diputacio-a-les-jornades-de-portes-obertes-amb-motiu-del-9-doctubre\/\" title=\"M\u00e9s de 4.500 persones visiten la Diputaci\u00f3 a les jornades de portes obertes amb motiu del 9 d&#8217;Octubre\">[+] <\/a><\/div>\n","protected":false},"author":1,"featured_media":92993,"comment_status":"open","ping_status":"open","sticky":false,"template":"","format":"standard","meta":{"footnotes":""},"categories":[10898,10948,10894,10904,11004,11008,10947,10896],"tags":[3677],"class_list":{"0":"post-93266","1":"post","2":"type-post","3":"status-publish","4":"format-standard","5":"has-post-thumbnail","7":"category-ventana-ca","8":"category-infraestructuras-ca","9":"category-la-comarca-ca","10":"category-sin-categorizar-ca","11":"category-la-semana-en-imagenes-ca","12":"category-pueblos-en-fiestas-ca","13":"category-politica","14":"category-seccion-ca","15":"tag-diputacio-de-valencia"},"_links":{"self":[{"href":"https:\/\/www.tucomarca.com\/wordpress\/segunda\/ca\/wp-json\/wp\/v2\/posts\/93266","targetHints":{"allow":["GET"]}}],"collection":[{"href":"https:\/\/www.tucomarca.com\/wordpress\/segunda\/ca\/wp-json\/wp\/v2\/posts"}],"about":[{"href":"https:\/\/www.tucomarca.com\/wordpress\/segunda\/ca\/wp-json\/wp\/v2\/types\/post"}],"author":[{"embeddable":true,"href":"https:\/\/www.tucomarca.com\/wordpress\/segunda\/ca\/wp-json\/wp\/v2\/users\/1"}],"replies":[{"embeddable":true,"href":"https:\/\/www.tucomarca.com\/wordpress\/segunda\/ca\/wp-json\/wp\/v2\/comments?post=93266"}],"version-history":[{"count":0,"href":"https:\/\/www.tucomarca.com\/wordpress\/segunda\/ca\/wp-json\/wp\/v2\/posts\/93266\/revisions"}],"wp:featuredmedia":[{"embeddable":true,"href":"https:\/\/www.tucomarca.com\/wordpress\/segunda\/ca\/wp-json\/wp\/v2\/media\/92993"}],"wp:attachment":[{"href":"https:\/\/www.tucomarca.com\/wordpress\/segunda\/ca\/wp-json\/wp\/v2\/media?parent=93266"}],"wp:term":[{"taxonomy":"category","embeddable":true,"href":"https:\/\/www.tucomarca.com\/wordpress\/segunda\/ca\/wp-json\/wp\/v2\/categories?post=93266"},{"taxonomy":"post_tag","embeddable":true,"href":"https:\/\/www.tucomarca.com\/wordpress\/segunda\/ca\/wp-json\/wp\/v2\/tags?post=93266"}],"curies":[{"name":"wp","href":"https:\/\/api.w.org\/{rel}","templated":true}]}}