{"id":93476,"date":"2019-10-15T10:48:21","date_gmt":"2019-10-15T08:48:21","guid":{"rendered":"http:\/\/www.tucomarca.com\/wordpress\/segunda\/?p=93476"},"modified":"2019-10-15T11:45:17","modified_gmt":"2019-10-15T09:45:17","slug":"continua-en-marxa-el-dispositiu-especial-de-neteja-amb-motiu-de-la-celebracio-de-la-xlvi-festa-de-la-verema","status":"publish","type":"post","link":"https:\/\/www.tucomarca.com\/wordpress\/segunda\/ca\/continua-en-marxa-el-dispositiu-especial-de-neteja-amb-motiu-de-la-celebracio-de-la-xlvi-festa-de-la-verema\/","title":{"rendered":"Continua en marxa el dispositiu especial de neteja amb motiu de la celebraci\u00f3 de la XLVI Festa de la Verema a Xest"},"content":{"rendered":"\n<p>Durant els \u00faltims dies Xest ha viscut diversos actes festius multitudinaris que han requerit d&#8217;un servei extraordinari de neteja per restablir l&#8217;aspecte habitual dels carrers, tant per part de Fovasa com de la brigada municipal.<br>\n&#8220;Despr\u00e9s de la torr\u00e0 de dimarts passat es va dur a terme una neteja a fons i tamb\u00e9 es va netejar la zona del mercat abans i despr\u00e9s de la celebraci\u00f3 de la Fira del Vermut i les actuacions. Aix\u00ed mateix, durant els actes taurins es realitzaran tasques de neteja a les zones afectades &#8220;, especifica el regidor de Serveis, Jos\u00e9 Vicente Guijarro. &#8220;El comprom\u00eds de la regidoria de Serveis \u00e9s intentar mantenir un nivell de neteja en totes les zones afectades alhora que a la resta de la poblaci\u00f3. No obstant aix\u00f2, conv\u00e9 recordar que \u00e9s molt important que totes i tots ens impliquem en mantenir net el nostre poble &#8220;.<br>\nTal com ha explicat el regidor, el servei extraordinari per part de Fovasa es realitza dins el contracte que mant\u00e9 amb l&#8217;Ajuntament, sense cost addicional, de la mateixa manera que es far\u00e0 a la resta d&#8217;esdeveniments que ho requereixin durant l&#8217;any.<\/p>\n","protected":false},"excerpt":{"rendered":"<div class=\"mh-excerpt\">Durant els \u00faltims dies Xest ha viscut diversos actes festius multitudinaris que han requerit d&#8217;un servei extraordinari de neteja per restablir l&#8217;aspecte habitual dels carrers, tant per part de Fovasa com de la brigada municipal. <a class=\"mh-excerpt-more\" href=\"https:\/\/www.tucomarca.com\/wordpress\/segunda\/ca\/continua-en-marxa-el-dispositiu-especial-de-neteja-amb-motiu-de-la-celebracio-de-la-xlvi-festa-de-la-verema\/\" title=\"Continua en marxa el dispositiu especial de neteja amb motiu de la celebraci\u00f3 de la XLVI Festa de la Verema a Xest\">[+] <\/a><\/div>\n","protected":false},"author":12,"featured_media":93472,"comment_status":"open","ping_status":"open","sticky":false,"template":"","format":"standard","meta":{"footnotes":""},"categories":[17,128,10948,8,10894,10912,10,10903,117,142,10947,10896,3,10974],"tags":[11071,10629,11109],"class_list":{"0":"post-93476","1":"post","2":"type-post","3":"status-publish","4":"format-standard","5":"has-post-thumbnail","7":"category-cheste","8":"category-infraestructuras","9":"category-infraestructuras-ca","10":"category-la-comarca","11":"category-la-comarca-ca","12":"category-la-hoya-ca","13":"category-la-hoya","14":"category-medio-ambiente-la-comarca-ca","15":"category-medio-ambiente-la-comarca","16":"category-politica-la-comarca","17":"category-politica","18":"category-seccion-ca","19":"category-seccion","20":"category-cheste-ca","21":"tag-cheste","22":"tag-fiestas-de-la-vendimia-de-cheste","23":"tag-xest"},"_links":{"self":[{"href":"https:\/\/www.tucomarca.com\/wordpress\/segunda\/ca\/wp-json\/wp\/v2\/posts\/93476","targetHints":{"allow":["GET"]}}],"collection":[{"href":"https:\/\/www.tucomarca.com\/wordpress\/segunda\/ca\/wp-json\/wp\/v2\/posts"}],"about":[{"href":"https:\/\/www.tucomarca.com\/wordpress\/segunda\/ca\/wp-json\/wp\/v2\/types\/post"}],"author":[{"embeddable":true,"href":"https:\/\/www.tucomarca.com\/wordpress\/segunda\/ca\/wp-json\/wp\/v2\/users\/12"}],"replies":[{"embeddable":true,"href":"https:\/\/www.tucomarca.com\/wordpress\/segunda\/ca\/wp-json\/wp\/v2\/comments?post=93476"}],"version-history":[{"count":0,"href":"https:\/\/www.tucomarca.com\/wordpress\/segunda\/ca\/wp-json\/wp\/v2\/posts\/93476\/revisions"}],"wp:featuredmedia":[{"embeddable":true,"href":"https:\/\/www.tucomarca.com\/wordpress\/segunda\/ca\/wp-json\/wp\/v2\/media\/93472"}],"wp:attachment":[{"href":"https:\/\/www.tucomarca.com\/wordpress\/segunda\/ca\/wp-json\/wp\/v2\/media?parent=93476"}],"wp:term":[{"taxonomy":"category","embeddable":true,"href":"https:\/\/www.tucomarca.com\/wordpress\/segunda\/ca\/wp-json\/wp\/v2\/categories?post=93476"},{"taxonomy":"post_tag","embeddable":true,"href":"https:\/\/www.tucomarca.com\/wordpress\/segunda\/ca\/wp-json\/wp\/v2\/tags?post=93476"}],"curies":[{"name":"wp","href":"https:\/\/api.w.org\/{rel}","templated":true}]}}