{"id":93627,"date":"2019-10-11T10:53:30","date_gmt":"2019-10-11T08:53:30","guid":{"rendered":"http:\/\/www.tucomarca.com\/wordpress\/segunda\/?p=93627"},"modified":"2019-10-11T10:53:39","modified_gmt":"2019-10-11T08:53:39","slug":"el-cd-bunyol-defensa-aquest-divendres-el-seu-liderat-davant-leliana-al-beltran-baguena","status":"publish","type":"post","link":"https:\/\/www.tucomarca.com\/wordpress\/segunda\/ca\/el-cd-bunyol-defensa-aquest-divendres-el-seu-liderat-davant-leliana-al-beltran-baguena\/","title":{"rendered":"El CD Bunyol defensa aquest divendres el seu liderat davant l&#8217;Eliana al Beltr\u00e1n B\u00e0guena"},"content":{"rendered":"\n<p>El Club Esportiu Bunyol defensa el seu liderat del grup segon de la Regional Preferent aquest cap de setmana al Beltr\u00e1n B\u00e1guena enfront de l&#8217;Eliana en un partit avan\u00e7at a divendres a les 20,30 hores ..<br> &nbsp; Despr\u00e9s de la seua vitoria a domicili del passat cap de setmana a Picanya contra l&#8217;Atl\u00e8tic Benimar CF per un gol a dos, els blancs es mesuren ara a un conjunt situat a la zona de perill de la taula, concretament en el lloc quinze amb nom\u00e9s 5 punts , deu menys que els blancs gr\u00e0cies als seus dos \u00faniques vict\u00f2ries i un empat collits durant aquesta temporada 2019-2020.<br> &nbsp; El Club Esportiu Bunyol intentar\u00e0 contra l&#8217;Eliana mantenir els seus bons n\u00fameros i afermar-se en el cap de la taula.<br> &nbsp; Destacar l&#8217;\u00faltim partit els dos gols, obra de Morant i de Pou en una trobada amb uns primers minuts brillants i en el qual el CD Bunyol va mostrar de nou les seves credencials per aconseguir el t\u00edtol en el grup segon de la Regional Preferent.<\/p>\n","protected":false},"excerpt":{"rendered":"<div class=\"mh-excerpt\">El Club Esportiu Bunyol defensa el seu liderat del grup segon de la Regional Preferent aquest cap de setmana al Beltr\u00e1n B\u00e1guena enfront de l&#8217;Eliana en un partit avan\u00e7at a divendres a les 20,30 hores <a class=\"mh-excerpt-more\" href=\"https:\/\/www.tucomarca.com\/wordpress\/segunda\/ca\/el-cd-bunyol-defensa-aquest-divendres-el-seu-liderat-davant-leliana-al-beltran-baguena\/\" title=\"El CD Bunyol defensa aquest divendres el seu liderat davant l&#8217;Eliana al Beltr\u00e1n B\u00e0guena\">[+] <\/a><\/div>\n","protected":false},"author":1,"featured_media":93625,"comment_status":"open","ping_status":"open","sticky":false,"template":"","format":"standard","meta":{"footnotes":""},"categories":[11019,10911,11015,11003,10904,10912,10896],"tags":[],"class_list":{"0":"post-93627","1":"post","2":"type-post","3":"status-publish","4":"format-standard","5":"has-post-thumbnail","7":"category-agenda-ca","8":"category-bunol-ca","9":"category-canal-futbol","10":"category-sports","11":"category-sin-categorizar-ca","12":"category-la-hoya-ca","13":"category-seccion-ca"},"_links":{"self":[{"href":"https:\/\/www.tucomarca.com\/wordpress\/segunda\/ca\/wp-json\/wp\/v2\/posts\/93627","targetHints":{"allow":["GET"]}}],"collection":[{"href":"https:\/\/www.tucomarca.com\/wordpress\/segunda\/ca\/wp-json\/wp\/v2\/posts"}],"about":[{"href":"https:\/\/www.tucomarca.com\/wordpress\/segunda\/ca\/wp-json\/wp\/v2\/types\/post"}],"author":[{"embeddable":true,"href":"https:\/\/www.tucomarca.com\/wordpress\/segunda\/ca\/wp-json\/wp\/v2\/users\/1"}],"replies":[{"embeddable":true,"href":"https:\/\/www.tucomarca.com\/wordpress\/segunda\/ca\/wp-json\/wp\/v2\/comments?post=93627"}],"version-history":[{"count":0,"href":"https:\/\/www.tucomarca.com\/wordpress\/segunda\/ca\/wp-json\/wp\/v2\/posts\/93627\/revisions"}],"wp:featuredmedia":[{"embeddable":true,"href":"https:\/\/www.tucomarca.com\/wordpress\/segunda\/ca\/wp-json\/wp\/v2\/media\/93625"}],"wp:attachment":[{"href":"https:\/\/www.tucomarca.com\/wordpress\/segunda\/ca\/wp-json\/wp\/v2\/media?parent=93627"}],"wp:term":[{"taxonomy":"category","embeddable":true,"href":"https:\/\/www.tucomarca.com\/wordpress\/segunda\/ca\/wp-json\/wp\/v2\/categories?post=93627"},{"taxonomy":"post_tag","embeddable":true,"href":"https:\/\/www.tucomarca.com\/wordpress\/segunda\/ca\/wp-json\/wp\/v2\/tags?post=93627"}],"curies":[{"name":"wp","href":"https:\/\/api.w.org\/{rel}","templated":true}]}}