{"id":93906,"date":"2019-10-15T10:53:14","date_gmt":"2019-10-15T08:53:14","guid":{"rendered":"http:\/\/www.tucomarca.com\/wordpress\/segunda\/?p=93906"},"modified":"2019-10-15T10:56:08","modified_gmt":"2019-10-15T08:56:08","slug":"la-generalitat-abordara-amb-tecnics-municipals-la-seguretat-en-les-installacions-dels-festejos-taurins","status":"publish","type":"post","link":"https:\/\/www.tucomarca.com\/wordpress\/segunda\/ca\/la-generalitat-abordara-amb-tecnics-municipals-la-seguretat-en-les-installacions-dels-festejos-taurins\/","title":{"rendered":"La Generalitat abordar\u00e0 amb t\u00e8cnics municipals la seguretat en les instal\u00b7lacions dels festejos taurins"},"content":{"rendered":"\n<p>La Secretaria Auton\u00f2mica de Seguretat i Emerg\u00e8ncies ha impulsat la creaci\u00f3 d&#8217;una comissi\u00f3 especial que analitzar\u00e0 la situaci\u00f3 de totes les infraestructures relacionades amb la celebraci\u00f3 de &#8216;bous al carrer&#8217;, no nom\u00e9s les barreres, sin\u00f3 tamb\u00e9 corrals m\u00f2bils i altres estructures i buscar\u00e0 solucions a els problemes de seguretat que puguin derivar-se de la celebraci\u00f3 dels festejos de &#8216;bous al carrer&#8217; i tota l&#8217;organitzaci\u00f3 que aquests comporten.<\/p>\n\n\n\n<p>Aquesta iniciativa s&#8217;ha donat a con\u00e8ixer en el transcurs de la Comissi\u00f3 de Bous de Carrer. Durant la mateixa, el secretari auton\u00f2mic de Seguretat i Emerg\u00e8ncies, Jos\u00e9 Mar\u00eda \u00c1ngel, ha reafirmat que &#8220;el comprom\u00eds de l&#8217;administraci\u00f3 en seguir treballant per la seguretat a la festa a trav\u00e9s de tots els mecanismes possibles&#8221;.<\/p>\n\n\n\n<p>En aquest objectiu, ha afegit, &#8220;\u00e9s fonamental implicar tant als ajuntaments com als organitzadors de les celebracions, policia auton\u00f2mica, policia local, penyes taurines, veterinaris i ramaders&#8221;.<\/p>\n\n\n\n<p>El secretari auton\u00f2mic ha avan\u00e7at que, en les pr\u00f2ximes setmanes, se celebraran a Val\u00e8ncia i Castell\u00f3 sengles jornades a les quals es convidar\u00e0 a personal t\u00e8cnic i d&#8217;arquitectura municipal encarregat de la revisi\u00f3 de les instal\u00b7lacions en les localitats que celebren &#8216;bous al carrer&#8217;.<\/p>\n\n\n\n<p>Finalment, s&#8217;ha informat tamb\u00e9 de l&#8217;evoluci\u00f3 de l&#8217;actual temporada de festejos taurins. Fins a la data, s&#8217;han celebrat 7.600 festejos, s&#8217;han comunicat 285 ferits, 13 d&#8217;ells greus, i cal lamentar 5 defuncions.<\/p>\n","protected":false},"excerpt":{"rendered":"<div class=\"mh-excerpt\">La Secretaria Auton\u00f2mica de Seguretat i Emerg\u00e8ncies ha impulsat la creaci\u00f3 d&#8217;una comissi\u00f3 especial que analitzar\u00e0 la situaci\u00f3 de totes les infraestructures relacionades amb la celebraci\u00f3 de &#8216;bous al carrer&#8217;, no nom\u00e9s les barreres, sin\u00f3 <a class=\"mh-excerpt-more\" href=\"https:\/\/www.tucomarca.com\/wordpress\/segunda\/ca\/la-generalitat-abordara-amb-tecnics-municipals-la-seguretat-en-les-installacions-dels-festejos-taurins\/\" title=\"La Generalitat abordar\u00e0 amb t\u00e8cnics municipals la seguretat en les instal\u00b7lacions dels festejos taurins\">[+] <\/a><\/div>\n","protected":false},"author":1,"featured_media":93411,"comment_status":"open","ping_status":"open","sticky":false,"template":"","format":"standard","meta":{"footnotes":""},"categories":[10894,10904,10947,10895,10896],"tags":[],"class_list":{"0":"post-93906","1":"post","2":"type-post","3":"status-publish","4":"format-standard","5":"has-post-thumbnail","7":"category-la-comarca-ca","8":"category-sin-categorizar-ca","9":"category-politica","10":"category-premsavalenciana-ca","11":"category-seccion-ca"},"_links":{"self":[{"href":"https:\/\/www.tucomarca.com\/wordpress\/segunda\/ca\/wp-json\/wp\/v2\/posts\/93906","targetHints":{"allow":["GET"]}}],"collection":[{"href":"https:\/\/www.tucomarca.com\/wordpress\/segunda\/ca\/wp-json\/wp\/v2\/posts"}],"about":[{"href":"https:\/\/www.tucomarca.com\/wordpress\/segunda\/ca\/wp-json\/wp\/v2\/types\/post"}],"author":[{"embeddable":true,"href":"https:\/\/www.tucomarca.com\/wordpress\/segunda\/ca\/wp-json\/wp\/v2\/users\/1"}],"replies":[{"embeddable":true,"href":"https:\/\/www.tucomarca.com\/wordpress\/segunda\/ca\/wp-json\/wp\/v2\/comments?post=93906"}],"version-history":[{"count":0,"href":"https:\/\/www.tucomarca.com\/wordpress\/segunda\/ca\/wp-json\/wp\/v2\/posts\/93906\/revisions"}],"wp:featuredmedia":[{"embeddable":true,"href":"https:\/\/www.tucomarca.com\/wordpress\/segunda\/ca\/wp-json\/wp\/v2\/media\/93411"}],"wp:attachment":[{"href":"https:\/\/www.tucomarca.com\/wordpress\/segunda\/ca\/wp-json\/wp\/v2\/media?parent=93906"}],"wp:term":[{"taxonomy":"category","embeddable":true,"href":"https:\/\/www.tucomarca.com\/wordpress\/segunda\/ca\/wp-json\/wp\/v2\/categories?post=93906"},{"taxonomy":"post_tag","embeddable":true,"href":"https:\/\/www.tucomarca.com\/wordpress\/segunda\/ca\/wp-json\/wp\/v2\/tags?post=93906"}],"curies":[{"name":"wp","href":"https:\/\/api.w.org\/{rel}","templated":true}]}}