{"id":94295,"date":"2019-10-21T15:31:06","date_gmt":"2019-10-21T13:31:06","guid":{"rendered":"http:\/\/www.tucomarca.com\/wordpress\/segunda\/?p=94295"},"modified":"2019-10-21T15:31:15","modified_gmt":"2019-10-21T13:31:15","slug":"riba-roja-revoca-el-pai-de-pacadar-que-segons-lajuntament-preveia-un-pelotazo-de-715-milions-deuros-per-a-una-empresa-el-2005","status":"publish","type":"post","link":"https:\/\/www.tucomarca.com\/wordpress\/segunda\/ca\/riba-roja-revoca-el-pai-de-pacadar-que-segons-lajuntament-preveia-un-pelotazo-de-715-milions-deuros-per-a-una-empresa-el-2005\/","title":{"rendered":"Riba-roja revoca el PAI de Pacadar que, segons l&#8217;Ajuntament, &#8220;preveia un pelotazo de 71&#8217;5 milions d&#8217;euros per a una empresa el 2005&#8221;"},"content":{"rendered":"\n<p>El ple de l&#8217;Ajuntament de Riba-roja de T\u00faria ha revocat el programa d&#8217;actuaci\u00f3 integrada (PAI) de l&#8217;Pacadar, \u00abque preveia la construcci\u00f3 de 555 habitatges a la zona de la Mall\u00e0 per les quals l&#8217;empresa promotora obtindria un&#8221; pelotazo &#8220;econ\u00f2mic de m\u00e9s de 71&#8217;5 milions d&#8217;euros (cada habitatge estava previst vendre-la per 130.000 euros) per\u00f2 que finalment no es va materialitzar per l&#8217;arribada de la crisi econ\u00f2mica \u00bb, segons fonts municipals.<\/p>\n\n\n\n<p>\u00abEl conveni urban\u00edstic entre l&#8217;Ajuntament de Riba-roja, gestionat per aquell temps pel Partit Popular, i la mercantil privada es va rubricar l&#8217;any 2005 amb l&#8217;objectiu de traslladar la f\u00e0brica de bigues a una zona diferent -encara que finalment, es va acabar construint una altra a Bu\u00f1ol- i la construcci\u00f3 de les esmentades 555 habitatges mitjan\u00e7ant una modificaci\u00f3 urban\u00edstica per la qual els 60.000 metres quadrats d&#8217;extensi\u00f3 passaven d&#8217;industrials a residencials\u00bb.<\/p>\n\n\n\n<p>\u00abEl consistori, a m\u00e9s, rebria una planta baixa de 2.000 metres quadrats de superf\u00edcie, la cessi\u00f3 de 27.455 metres de terrenys a la zona i un donatiu de 1&#8217;4 milions d&#8217;euros. No obstant aix\u00f2, despr\u00e9s de deu anys del conveni no s&#8217;havia concl\u00f2s ni la urbanitzaci\u00f3 dels terrenys, ni havia rebut la parcel\u00b7la edificable urbanitzada ni la planta baixa prevista\u00bb.<\/p>\n\n\n\n<p>Per aix\u00f2, l&#8217;any 2015, a la vista dels incompliments dels acords previstos, el ple va exigir a l&#8217;empresa promotora de l&#8217;inici de les obres contingudes en el conveni bilateral, a m\u00e9s de diverses indemnitzacions, penalitzacions i garanties econ\u00f2miques per un valor superior als 800.000 euros que, a dia d&#8217;avui, l&#8217;empresa encara no ha satisfet. \u00a0<\/p>\n\n\n\n<p>\u00abLes penalitzacions fixades pels t\u00e8cnics municipals arriben als 172.000 euros, les indemnitzacions altres 368.000 euro i, finalment, una garantia sobre les obres totals de 337.000 euros, fins als 800.000 euros en total\u00bb.<\/p>\n\n\n\n<p>El ple de Riba-roja de T\u00faria ha rebutjat les al\u00b7legacions presentades per una empresa en situaci\u00f3 de concurs de creditors en entendre que no hi ha raonaments jur\u00eddics ni contractuals que justifiquin la negativa a abonar les referides quantitats econ\u00f2miques en qu\u00e8 s&#8217;han fixat els incompliments derivats del conveni urban\u00edstic entre les dues parts.<\/p>\n\n\n\n<p>L&#8217;acord plenari pres a inst\u00e0ncies de l&#8217;actual equip de govern del PSPV de Riba-roja de T\u00faria ha comptat amb el suport de Comprom\u00eds, Esquerra Unida, Ciutadans i Podem Riba-roja i el vot en contra de Vox i el Partit Popular en entendre que s&#8217;han sobrepassat amb escreix el per\u00edode fixat per a l&#8217;inici de les obres, ja que el conveni de 2005 preveia que havien d&#8217;estar acabades l&#8217;any 2012.<\/p>\n\n\n\n<p>A m\u00e9s, se subratlla que la legislaci\u00f3 actual estableix que \u00e9s causa de resoluci\u00f3 del contracte la declaraci\u00f3 del concurs de creditors i l&#8217;incompliment del per\u00edode fixat per a l&#8217;execuci\u00f3 de les obres d&#8217;urbanitzaci\u00f3. La promotora tampoc ha pagat l&#8217;Impost de B\u00e9ns Immobles (IBI) corresponent a les parcel\u00b7les objecte del pla urban\u00edstic des de l&#8217;any 2013 malgrat la seva obligaci\u00f3 administrativa.<\/p>\n\n\n\n<p>Un informe de la secret\u00e0ria i de l&#8217;arquitecte municipal reconeix que l&#8217;ajuntament de Riba-roja \u00ab\u00e9s conscient de la situaci\u00f3 de crisi general i immobili\u00e0ria en particular i, per aix\u00f2, ha estat i \u00e9s flexible pel que fa als terminis de compliment de les obligacions l&#8217;urbanitzador si b\u00e9 adverteix que l&#8217;inter\u00e8s per finalitzar l&#8217;actuaci\u00f3 urban\u00edstica ho ha de demostrar la mercantil amb algun acte concret i tangible que des de 2010 no s&#8217;ha produ\u00eft\u00bb.\u00a0<\/p>\n\n\n\n<p>El ple desestima les al\u00b7legacions de l&#8217;empresa promotora i sol\u00b7licita un dictamen del Consell Jur\u00eddic Consultiu de la Comunitat Valenciana respecte de la resoluci\u00f3 del contracte entre el consistori i l&#8217;empresa ja que hi ha una oposici\u00f3 per part de l&#8217;empresa adjudicat\u00e0ria a complir els requeriments decretats per l&#8217;Ajuntament de Riba-roja de T\u00faria.<\/p>\n\n\n\n<p>L&#8217;alcalde de Riba-roja, Robert Raga, ha afirmat que l&#8217;ajuntament \u00abha pres les decisions oportunes guiat pels t\u00e8cnics municipals per defensar els interessos dels ve\u00efns de la localitat per un planejament urban\u00edstic erroni i que de cap manera s&#8217;havia planificat de acord a les necessitats d&#8217;aquell moment, per aix\u00f2 continuarem lluitant per obtenir el que en just\u00edcia li pertany a Riba-roja\u00bb.<\/p>\n","protected":false},"excerpt":{"rendered":"<div class=\"mh-excerpt\">El ple de l&#8217;Ajuntament de Riba-roja de T\u00faria ha revocat el programa d&#8217;actuaci\u00f3 integrada (PAI) de l&#8217;Pacadar, \u00abque preveia la construcci\u00f3 de 555 habitatges a la zona de la Mall\u00e0 per les quals l&#8217;empresa promotora <a class=\"mh-excerpt-more\" href=\"https:\/\/www.tucomarca.com\/wordpress\/segunda\/ca\/riba-roja-revoca-el-pai-de-pacadar-que-segons-lajuntament-preveia-un-pelotazo-de-715-milions-deuros-per-a-una-empresa-el-2005\/\" title=\"Riba-roja revoca el PAI de Pacadar que, segons l&#8217;Ajuntament, &#8220;preveia un pelotazo de 71&#8217;5 milions d&#8217;euros per a una empresa el 2005&#8221;\">[+] <\/a><\/div>\n","protected":false},"author":1,"featured_media":94174,"comment_status":"open","ping_status":"open","sticky":false,"template":"","format":"standard","meta":{"footnotes":""},"categories":[10892,10948,10894,10947,10906,10896,10897],"tags":[1504,11102],"class_list":{"0":"post-94295","1":"post","2":"type-post","3":"status-publish","4":"format-standard","5":"has-post-thumbnail","7":"category-camp-de-turia-ca","8":"category-infraestructuras-ca","9":"category-la-comarca-ca","10":"category-politica","11":"category-riba-roja-ca","12":"category-seccion-ca","13":"category-sucesos-la-comarca-ca","14":"tag-riba-roja-2","15":"tag-riba-roja-2-ca"},"_links":{"self":[{"href":"https:\/\/www.tucomarca.com\/wordpress\/segunda\/ca\/wp-json\/wp\/v2\/posts\/94295","targetHints":{"allow":["GET"]}}],"collection":[{"href":"https:\/\/www.tucomarca.com\/wordpress\/segunda\/ca\/wp-json\/wp\/v2\/posts"}],"about":[{"href":"https:\/\/www.tucomarca.com\/wordpress\/segunda\/ca\/wp-json\/wp\/v2\/types\/post"}],"author":[{"embeddable":true,"href":"https:\/\/www.tucomarca.com\/wordpress\/segunda\/ca\/wp-json\/wp\/v2\/users\/1"}],"replies":[{"embeddable":true,"href":"https:\/\/www.tucomarca.com\/wordpress\/segunda\/ca\/wp-json\/wp\/v2\/comments?post=94295"}],"version-history":[{"count":0,"href":"https:\/\/www.tucomarca.com\/wordpress\/segunda\/ca\/wp-json\/wp\/v2\/posts\/94295\/revisions"}],"wp:featuredmedia":[{"embeddable":true,"href":"https:\/\/www.tucomarca.com\/wordpress\/segunda\/ca\/wp-json\/wp\/v2\/media\/94174"}],"wp:attachment":[{"href":"https:\/\/www.tucomarca.com\/wordpress\/segunda\/ca\/wp-json\/wp\/v2\/media?parent=94295"}],"wp:term":[{"taxonomy":"category","embeddable":true,"href":"https:\/\/www.tucomarca.com\/wordpress\/segunda\/ca\/wp-json\/wp\/v2\/categories?post=94295"},{"taxonomy":"post_tag","embeddable":true,"href":"https:\/\/www.tucomarca.com\/wordpress\/segunda\/ca\/wp-json\/wp\/v2\/tags?post=94295"}],"curies":[{"name":"wp","href":"https:\/\/api.w.org\/{rel}","templated":true}]}}