{"id":94481,"date":"2019-10-23T15:35:16","date_gmt":"2019-10-23T13:35:16","guid":{"rendered":"http:\/\/www.tucomarca.com\/wordpress\/segunda\/?p=94481"},"modified":"2019-10-23T15:35:24","modified_gmt":"2019-10-23T13:35:24","slug":"un-total-de-125-joves-de-14-municipis-de-menys-de-10-000-habitants-participen-en-el-programa-de-livaj-i-el-fons-social-europeu","status":"publish","type":"post","link":"https:\/\/www.tucomarca.com\/wordpress\/segunda\/ca\/un-total-de-125-joves-de-14-municipis-de-menys-de-10-000-habitants-participen-en-el-programa-de-livaj-i-el-fons-social-europeu\/","title":{"rendered":"Un total de 125 joves de 14 municipis de menys de 10.000 habitants participen en el programa de l&#8217;IVAJ i el Fons Social Europeu"},"content":{"rendered":"\n<p>El director general de l&#8217;Institut Valenci\u00e0 de la Joventut (IVAJ), Jes\u00fas Mart\u00ed, ha afirmat que el programa Jove Oportunitat (JOOP) \u00e9s una iniciativa que arriba a la joventut del m\u00f3n rural, i que suposa &#8220;un exemple de col\u00b7laboraci\u00f3 entre l&#8217;Administraci\u00f3 Auton\u00f2mica , els municipis i les mancomunitats per dotar de recursos i oportunitats a les persones joves per vincular al territori &#8220;.<\/p>\n\n\n\n<p>El responsable de l&#8217;IVAJ, entitat dependent de la Vicepresid\u00e8ncia i Conselleria d&#8217;Igualtat i Pol\u00edtiques Inclusives, ha explicat a la II Trobada de Joves Rurals de la Comunitat Valenciana que es desenvolupa a Aras de los Olmos que de les 75 poblacions amb grup JOOP en l&#8217;edici\u00f3 2019, catorze d&#8217;elles s&#8217;enquadren en entorns rurals, que suposen al voltant de 125 joves.<\/p>\n\n\n\n<p>El director de l&#8217;IVAJ ha explicat que &#8220;es tracta de municipis amb menys de 10.000 habitants que s\u00f3n cap de comarca o que aglutinen espais educatius i formatius referents de la seva zona, com ara l&#8217;Alcora, Aiora, Redov\u00e1n, Dolors o Montserrat&#8221;. Dels 14 municipis, quatre d&#8217;ells s\u00f3n localitats de menys de 5.000 habitants, Poliny\u00e0 de X\u00faquer, el Villar, Macastre i Xella.<\/p>\n\n\n\n<p>Aquests grups JOOP acullen joves de diverses localitats, per exemple, joves de Sot de Xera i Alcublas assisteixen al grup JOOP de Villar.<\/p>\n\n\n\n<p>Jove Oportunitat -JOOP- \u00e9s un programa dissenyat i organitzat per l&#8217;IVAJ, l&#8217;objecte \u00e9s la realitzaci\u00f3 d&#8217;accions de motivaci\u00f3 i orientaci\u00f3 per a joves entre 16 i 21 anys que han abandonat els estudis. Aquest programa s&#8217;insereix en l&#8217;Estrat\u00e8gia Europea 2020, que ha fixat com a meta la reducci\u00f3 de l&#8217;abandonament educatiu primerenc. Aquest any 2019, la Comunitat Valenciana destinar\u00e0 2.318.060 euros a Jove Oportunitat<\/p>\n\n\n\n<p><strong>Jove Oportunitat contra la despoblaci\u00f3<\/strong><\/p>\n\n\n\n<p>El programa Jove Oportunitat \u00e9s una eines per combatre la despoblaci\u00f3 de l&#8217;entorn rural: que la joventut es formi i trobi oportunitats d&#8217;oci i laborals per a romandre-hi i col\u00b7laborar en el seu desenvolupament social i econ\u00f2mic.<\/p>\n\n\n\n<p>En aquest context, Mart\u00ed ha destacat la col\u00b7laboraci\u00f3 amb mancomunitats com la Ribera Baixa, La Vega, Carraixet, La Foia de Bunyol-Xiva o la del Canal de Navarr\u00e9s, que han col\u00b7laborat en la posada en marxa dels grups, sigui organitzant directament o promocionant l&#8217;acci\u00f3 per a aconseguir a m\u00e9s joves vinculats al programa.<\/p>\n\n\n\n<p>&#8220;Gr\u00e0cies a JOOP, no nom\u00e9s s&#8217;aconsegueix una joventut m\u00e9s formada, sin\u00f3 tamb\u00e9 coneixedora del seu entorn productiu que els pot proporcionar llocs de treball&#8221;, ha assenyalat.<\/p>\n\n\n\n<p>Visites a empreses de l&#8217;entorn rural<\/p>\n\n\n\n<p>En l&#8217;edici\u00f3 2019, els i les joopers han visitat empreses de l&#8217;entorn rural com la granja escola Finca el va relaxar, Balneari de Cofrents, Mas de Xet\u00e0, Taller de Soldadura de Ll\u00edria, Vivers Hernandorena, Neotic, la cooperativa ap\u00edcola d&#8217;Ayora o el Celler de Roure, entre d&#8217;altres.<\/p>\n\n\n\n<p>A cada edici\u00f3 del programa, cada grup JOOP visita un total de 20 empreses, sis d&#8217;elles locals, empreses i comer\u00e7os de proximitat, com pastisseries, tallers, perruqueries, restaurants i algunes d&#8217;aquestes petites empreses locals han transm\u00e8s les oportunitats d&#8217;ocupaci\u00f3 de la zona.<\/p>\n\n\n\n<p>En aquestes localitats, sectors relacionats amb els cellers, l&#8217;apicultura i la ramaderia, la construcci\u00f3 i els serveis forestals i de protecci\u00f3 contra els incendis han estat els m\u00e9s visitats pels joves de l&#8217;entorn rural.<\/p>\n\n\n\n<p>Cada jove participant surt d&#8217;JOOP amb un itinerari personalitzat que relaciona les oportunitats d&#8217;ocupaci\u00f3 de la zona amb la formaci\u00f3 i educaci\u00f3 adequada. &#8220;Aix\u00f2 \u00e9s essencial per al manteniment de la poblaci\u00f3 rural, per atraure talent i joventut formada que asseguri el futur econ\u00f2mic de la zona&#8221;, ha explicat.<\/p>\n\n\n\n<p>JOOP no nom\u00e9s treballa els aspectes formatius i laborals dels joves, sin\u00f3 tamb\u00e9 el seu comprom\u00eds amb l&#8217;entorn i el lleure educatiu. Els i les joopers realitzen activitats l\u00fadiques i socioculturals, especialment relacionades amb el medi ambient i la sostenibilitat.<\/p>\n\n\n\n<p>En aquest sentit, joves de la Ribera van col\u00b7laborar en les campanyes de neteja de la ribera del X\u00faquer amb X\u00faquer Viu. Tamb\u00e9 altres grups van col\u00b7laborar com a voluntaris en el repartiment d&#8217;ajuda i aliments per a la poblaci\u00f3 damnificada per les pluges torrencials de setembre, sobretot, a les comarques del sud de la Comunitat.<\/p>\n\n\n\n<p>Tamb\u00e9 s&#8217;han realitzat activitats d&#8217;oci, com un campament a l&#8217;embassament de Benag\u00e9ber, en qu\u00e8 ha participat prop de 500 joves de tota la Comunitat Valenciana.<\/p>\n\n\n\n<p>&#8220;En la lluita contra la despoblaci\u00f3 \u00e9s important que la joventut rural compti amb les mateixes oportunitats, que la de les zones urbanes&#8221;, ha indicat, de manera que &#8220;tamb\u00e9 els grups JOOP han posat en marxa diferents projectes d&#8217;aprenentatge i servei relacionats amb el seu entorn i han participat en activitats de sensibilitzaci\u00f3 per la igualtat de les dones, la lluita contra la viol\u00e8ncia de g\u00e8nere, l&#8217;emerg\u00e8ncia clim\u00e0tica &#8220;, ha manifestat el director de l&#8217;IVAJ.<\/p>\n","protected":false},"excerpt":{"rendered":"<div class=\"mh-excerpt\">El director general de l&#8217;Institut Valenci\u00e0 de la Joventut (IVAJ), Jes\u00fas Mart\u00ed, ha afirmat que el programa Jove Oportunitat (JOOP) \u00e9s una iniciativa que arriba a la joventut del m\u00f3n rural, i que suposa &#8220;un <a class=\"mh-excerpt-more\" href=\"https:\/\/www.tucomarca.com\/wordpress\/segunda\/ca\/un-total-de-125-joves-de-14-municipis-de-menys-de-10-000-habitants-participen-en-el-programa-de-livaj-i-el-fons-social-europeu\/\" title=\"Un total de 125 joves de 14 municipis de menys de 10.000 habitants participen en el programa de l&#8217;IVAJ i el Fons Social Europeu\">[+] <\/a><\/div>\n","protected":false},"author":1,"featured_media":94479,"comment_status":"open","ping_status":"open","sticky":false,"template":"","format":"standard","meta":{"footnotes":""},"categories":[10905,11042,11046,10898,10948,10894,10904,10947,10896],"tags":[10483],"class_list":{"0":"post-94481","1":"post","2":"type-post","3":"status-publish","4":"format-standard","5":"has-post-thumbnail","7":"category-agricultura-la-comarca-ca","8":"category-aras-de-olmos-ca","9":"category-los-serranos-ca","10":"category-ventana-ca","11":"category-infraestructuras-ca","12":"category-la-comarca-ca","13":"category-sin-categorizar-ca","14":"category-politica","15":"category-seccion-ca","16":"tag-aras-de-olmos"},"_links":{"self":[{"href":"https:\/\/www.tucomarca.com\/wordpress\/segunda\/ca\/wp-json\/wp\/v2\/posts\/94481","targetHints":{"allow":["GET"]}}],"collection":[{"href":"https:\/\/www.tucomarca.com\/wordpress\/segunda\/ca\/wp-json\/wp\/v2\/posts"}],"about":[{"href":"https:\/\/www.tucomarca.com\/wordpress\/segunda\/ca\/wp-json\/wp\/v2\/types\/post"}],"author":[{"embeddable":true,"href":"https:\/\/www.tucomarca.com\/wordpress\/segunda\/ca\/wp-json\/wp\/v2\/users\/1"}],"replies":[{"embeddable":true,"href":"https:\/\/www.tucomarca.com\/wordpress\/segunda\/ca\/wp-json\/wp\/v2\/comments?post=94481"}],"version-history":[{"count":0,"href":"https:\/\/www.tucomarca.com\/wordpress\/segunda\/ca\/wp-json\/wp\/v2\/posts\/94481\/revisions"}],"wp:featuredmedia":[{"embeddable":true,"href":"https:\/\/www.tucomarca.com\/wordpress\/segunda\/ca\/wp-json\/wp\/v2\/media\/94479"}],"wp:attachment":[{"href":"https:\/\/www.tucomarca.com\/wordpress\/segunda\/ca\/wp-json\/wp\/v2\/media?parent=94481"}],"wp:term":[{"taxonomy":"category","embeddable":true,"href":"https:\/\/www.tucomarca.com\/wordpress\/segunda\/ca\/wp-json\/wp\/v2\/categories?post=94481"},{"taxonomy":"post_tag","embeddable":true,"href":"https:\/\/www.tucomarca.com\/wordpress\/segunda\/ca\/wp-json\/wp\/v2\/tags?post=94481"}],"curies":[{"name":"wp","href":"https:\/\/api.w.org\/{rel}","templated":true}]}}