{"id":94504,"date":"2019-10-23T15:32:22","date_gmt":"2019-10-23T13:32:22","guid":{"rendered":"http:\/\/www.tucomarca.com\/wordpress\/segunda\/?p=94504"},"modified":"2019-10-23T15:32:30","modified_gmt":"2019-10-23T13:32:30","slug":"la-plataforma-pro-hospital-comarcal-a-la-foia-proposa-als-grups-politics-la-creacio-dun-hospital-de-cronics","status":"publish","type":"post","link":"https:\/\/www.tucomarca.com\/wordpress\/segunda\/ca\/la-plataforma-pro-hospital-comarcal-a-la-foia-proposa-als-grups-politics-la-creacio-dun-hospital-de-cronics\/","title":{"rendered":"La plataforma pro hospital comarcal a La Foia proposa als grups pol\u00edtics la creaci\u00f3 d&#8217;un hospital de cr\u00f2nics"},"content":{"rendered":"\n<p>La plataforma pro hospital comarcal a La Foia ha informat que ha presentat \u00abuna proposta a tots els grups parlamentaris de les Corts Valencianes d&#8217;un hospital de cr\u00f2nics, mitja i llarga estada per a la comarca i pobles adjacents\u00bb.<\/p>\n\n\n\n<p>Des de la plataforma han demanat \u00abreunir-se amb tots els portaveus dels grups i diputats responsables de l&#8217;\u00e0rea de sanitat\u00bb.<\/p>\n\n\n\n<p>El president de la plataforma, Antonio Barrero, ha revelat que la proposta est\u00e0 \u00abincompleta i pretenem que siguin els propis grups els que vagin afegint contingut fins que estigui finalitzada per ser presentada als pressupostos de la Generalitat Valenciana\u00bb. Tamb\u00e9 ha afirmat que el \u00abcost econ\u00f2mic de si s&#8217;aprov\u00e9s seria molt inferior a un hospital comarcal quir\u00fargic com sempre s&#8217;ha pret\u00e8s, ja que aquest tipus d&#8217;hospital va m\u00e9s dirigit a l&#8217;escalaf\u00f3 assistencial, i el que si que es necessita s\u00f3n rehabilitadors, fisioterapeutes , i infermers \u00bb.<\/p>\n\n\n\n<p>Tamb\u00e9 ha informat que les \u00abmillores sanit\u00e0ries d&#8217;especialistes i proves diagn\u00f2stiques que encara queden pendent de posar a la comarca s\u00f3n totalment compatibles amb aquest hospital, ja que les millores sanit\u00e0ries han de provenir de les inversions que t\u00e9 l&#8217;empresa privada, i l&#8217;hospital estaria a c\u00e0rrec dels pressupostos de la Generalitat, per la qual cosa seguirem demanant un centre integrat model Villena que va ser aprovat per les Corts Valencianes i que s&#8217;hauria de finan\u00e7ar de les inversions que t\u00e9 pendent realitzar en sanitat l&#8217;empresa privada en l&#8217;\u00e0rea \u00bb.<\/p>\n\n\n\n<p>\u00abLes dades sanitaris que van ser revelat per Sanitat en l&#8217;\u00faltima reuni\u00f3 amb la plataforma llan\u00e7aven prop de 40.000 mil intervencions les realitzades per la Unitat hospital\u00e0ria domicili\u00e0ria al llarg de 2017 i de 2018, dades que revelarien la necessitat de comptar amb un hospital comarcal de aquest nivell \u00bb, segons el seu president.<\/p>\n","protected":false},"excerpt":{"rendered":"<div class=\"mh-excerpt\">La plataforma pro hospital comarcal a La Foia ha informat que ha presentat \u00abuna proposta a tots els grups parlamentaris de les Corts Valencianes d&#8217;un hospital de cr\u00f2nics, mitja i llarga estada per a la <a class=\"mh-excerpt-more\" href=\"https:\/\/www.tucomarca.com\/wordpress\/segunda\/ca\/la-plataforma-pro-hospital-comarcal-a-la-foia-proposa-als-grups-politics-la-creacio-dun-hospital-de-cronics\/\" title=\"La plataforma pro hospital comarcal a La Foia proposa als grups pol\u00edtics la creaci\u00f3 d&#8217;un hospital de cr\u00f2nics\">[+] <\/a><\/div>\n","protected":false},"author":1,"featured_media":91367,"comment_status":"open","ping_status":"open","sticky":false,"template":"","format":"standard","meta":{"footnotes":""},"categories":[11010,10894,10912,10896],"tags":[701],"class_list":{"0":"post-94504","1":"post","2":"type-post","3":"status-publish","4":"format-standard","5":"has-post-thumbnail","7":"category-canal-salud","8":"category-la-comarca-ca","9":"category-la-hoya-ca","10":"category-seccion-ca","11":"tag-hospital-comarcal"},"_links":{"self":[{"href":"https:\/\/www.tucomarca.com\/wordpress\/segunda\/ca\/wp-json\/wp\/v2\/posts\/94504","targetHints":{"allow":["GET"]}}],"collection":[{"href":"https:\/\/www.tucomarca.com\/wordpress\/segunda\/ca\/wp-json\/wp\/v2\/posts"}],"about":[{"href":"https:\/\/www.tucomarca.com\/wordpress\/segunda\/ca\/wp-json\/wp\/v2\/types\/post"}],"author":[{"embeddable":true,"href":"https:\/\/www.tucomarca.com\/wordpress\/segunda\/ca\/wp-json\/wp\/v2\/users\/1"}],"replies":[{"embeddable":true,"href":"https:\/\/www.tucomarca.com\/wordpress\/segunda\/ca\/wp-json\/wp\/v2\/comments?post=94504"}],"version-history":[{"count":0,"href":"https:\/\/www.tucomarca.com\/wordpress\/segunda\/ca\/wp-json\/wp\/v2\/posts\/94504\/revisions"}],"wp:featuredmedia":[{"embeddable":true,"href":"https:\/\/www.tucomarca.com\/wordpress\/segunda\/ca\/wp-json\/wp\/v2\/media\/91367"}],"wp:attachment":[{"href":"https:\/\/www.tucomarca.com\/wordpress\/segunda\/ca\/wp-json\/wp\/v2\/media?parent=94504"}],"wp:term":[{"taxonomy":"category","embeddable":true,"href":"https:\/\/www.tucomarca.com\/wordpress\/segunda\/ca\/wp-json\/wp\/v2\/categories?post=94504"},{"taxonomy":"post_tag","embeddable":true,"href":"https:\/\/www.tucomarca.com\/wordpress\/segunda\/ca\/wp-json\/wp\/v2\/tags?post=94504"}],"curies":[{"name":"wp","href":"https:\/\/api.w.org\/{rel}","templated":true}]}}