{"id":94562,"date":"2019-10-24T18:45:16","date_gmt":"2019-10-24T16:45:16","guid":{"rendered":"http:\/\/www.tucomarca.com\/wordpress\/segunda\/?p=94562"},"modified":"2019-10-24T18:45:25","modified_gmt":"2019-10-24T16:45:25","slug":"lassemblea-tria-a-lalcalde-de-riba-roja-robert-raga-com-a-nou-president-del-consorci-valencia-interior","status":"publish","type":"post","link":"https:\/\/www.tucomarca.com\/wordpress\/segunda\/ca\/lassemblea-tria-a-lalcalde-de-riba-roja-robert-raga-com-a-nou-president-del-consorci-valencia-interior\/","title":{"rendered":"L&#8217;Assemblea tria a l&#8217;alcalde de Riba-roja, Robert Raga, com a nou president del Consorci Val\u00e8ncia Interior"},"content":{"rendered":"\n<figure class=\"wp-block-image\"><img loading=\"lazy\" decoding=\"async\" width=\"1024\" height=\"768\" src=\"http:\/\/www.tucomarca.com\/wordpress\/segunda\/wp-content\/uploads\/2019\/10\/CVI2019-2-1024x768.jpg\" alt=\"Momento de la votaci\u00f3n del nuevo presidente del CVI.\" class=\"wp-image-94559\" srcset=\"https:\/\/www.tucomarca.com\/wordpress\/segunda\/wp-content\/uploads\/2019\/10\/CVI2019-2-1024x768.jpg 1024w, https:\/\/www.tucomarca.com\/wordpress\/segunda\/wp-content\/uploads\/2019\/10\/CVI2019-2-300x225.jpg 300w, https:\/\/www.tucomarca.com\/wordpress\/segunda\/wp-content\/uploads\/2019\/10\/CVI2019-2-768x576.jpg 768w, https:\/\/www.tucomarca.com\/wordpress\/segunda\/wp-content\/uploads\/2019\/10\/CVI2019-2-678x509.jpg 678w, https:\/\/www.tucomarca.com\/wordpress\/segunda\/wp-content\/uploads\/2019\/10\/CVI2019-2-326x245.jpg 326w, https:\/\/www.tucomarca.com\/wordpress\/segunda\/wp-content\/uploads\/2019\/10\/CVI2019-2-80x60.jpg 80w\" sizes=\"auto, (max-width: 1024px) 100vw, 1024px\" \/><figcaption>Momento de la votaci\u00f3n del nuevo presidente del CVI.<\/figcaption><\/figure>\n\n\n\n<p>L&#8217;Assemblea General del Consorci Val\u00e8ncia Interior (V-3) ha escollit aquest mat\u00ed a l&#8217;alcalde de Riba-roja de T\u00faria, Robert Raga, com a nou president de l&#8217;entitat de gesti\u00f3 de residus. Robert Raga ha manifestat que la seva tasca al capdavant de l&#8217;organisme es va centrar en tres pilars: la qualitat dels serveis a la ciutadania dels municipis consorciats, la cura del Medi Ambient i la transpar\u00e8ncia en la gesti\u00f3 &#8220;. &#8220;Vinc amb molta il\u00b7lusi\u00f3 conven\u00e7ut que podem avan\u00e7ar junts en mat\u00e8ria de gesti\u00f3 de residus&#8221;, ha recalcat.<\/p>\n\n\n\n<p>Pel que fa al Medi Ambinte, el nou president s&#8217;ha centrat en el compliment dels Objectius de Desenvolupament Sostenible &#8220;i en dotar la ciutadania d&#8217;eines per poder complir amb els reptes que ens marca la normativa auton\u00f2mica i europea&#8221;. Tamb\u00e9 ha destacat que les debilitats del Consorci Val\u00e8ncia Interior &#8220;poden convertir-se en fortaleses i oportunitats i aquest ser\u00e0 el nostre gran repte&#8221;.<\/p>\n\n\n\n<p>Despr\u00e9s de la constituci\u00f3 de l&#8217;assemblea i l&#8217;elecci\u00f3 del president ha tingut lloc el nomenament de les vicepresid\u00e8ncies de l&#8217;ens supramunicipal, que han recaigut en l&#8217;alcalde de Xera, Alejandro Porter, el regidor de la Pobla de Vallbona, Bonifaci Carrillo, l&#8217;alcalde de Loriguilla , Sergio Alfaro i el regidor de Xest, Jos\u00e9 Vicente Guijarro.<\/p>\n\n\n\n<p>Tal com s&#8217;indicava en l&#8217;ordre del dia de la sessi\u00f3 extraordin\u00e0ria es va designar tamb\u00e9 als membres de la Junta de Govern: la regidora de l&#8217;Eliana, Marta Andr\u00e9s, l&#8217;alcaldessa de Set Aig\u00fces, Teresa Hern\u00e1ndez, el regidor de Casinos, Andr\u00e9s Guirado, el regidor de Villar de l&#8217;Arquebisbe, Llu\u00eds Suller, l&#8217;alcaldessa d&#8217;Andilla, Consol Alfonso i el regidor de Vilamarxant, Gabriel Castell\u00e0, tots ells com a vocals. L&#8217;alcalde de Fuenterrobles, Adri\u00e1n \u00c1lvarez, ser\u00e0 el tresorer.<\/p>\n\n\n\n<p>El nou president del Consorci Val\u00e8ncia Interior ha elogiat finalment la labor exercida fins ara &#8220;ja que ha suposat un gran avan\u00e7&#8221;.<\/p>\n\n\n\n<p>El director general de Qualitat i Educaci\u00f3 Ambiental de la Generalitat Valenciana, Joan Piquer, ha animat Robert Raga en el seu nou cam\u00ed i ha insistit en la consolidaci\u00f3 dels consorcis de residus i la seva correcta gesti\u00f3 amb qualitat i rigor &#8220;perqu\u00e8 la Uni\u00f3 Europea t\u00e9 la lupa posada en aix\u00f2 &#8220;. &#8220;Ens seguirem esfor\u00e7ant a convertir els residus en recursos i aix\u00f2 passa tamb\u00e9 per recollir selectivament la fracci\u00f3 org\u00e0nica&#8221;, ha ressaltat, per despr\u00e9s animar al consorci &#8220;seguir\u00e0 sent punters i pioners en la gesti\u00f3 dels residus&#8221;.<\/p>\n\n\n\n<p><strong>Qu\u00e8 \u00e9s el Consorci Val\u00e8ncia Interior<\/strong><\/p>\n\n\n\n<p>El Consorci Val\u00e8ncia Interior \u00e9s l&#8217;ens supramunicipal que porta a terme el tractament dels residus de 61 municipis de les cinc comarques de l&#8217;interior de la prov\u00edncia de Val\u00e8ncia: Camp de T\u00faria, els Serrans, la Foia de Bunyol-Xiva, la Plana Utiel- Requena i el Rac\u00f3 d&#8217;Adem\u00fas. Per aix\u00f2 compta amb dues plantes de tractament de residus, situades a Ll\u00edria i Caudete de les Fonts, aix\u00ed com una planta de transfer\u00e8ncia a Chiva. \u00c9s a Caudete de les Fonts on es troba tamb\u00e9 situat l&#8217;abocador. Durant els seus 11 anys de cam\u00ed, el CVI ha informatitzat seus 27 ecoparcs i ha desenvolupat setembre rutes de Ecom\u00f2bils per donar millor servei a la ciutadania de les localitats consorciades.<\/p>\n","protected":false},"excerpt":{"rendered":"<div class=\"mh-excerpt\">L&#8217;Assemblea General del Consorci Val\u00e8ncia Interior (V-3) ha escollit aquest mat\u00ed a l&#8217;alcalde de Riba-roja de T\u00faria, Robert Raga, com a nou president de l&#8217;entitat de gesti\u00f3 de residus. Robert Raga ha manifestat que la <a class=\"mh-excerpt-more\" href=\"https:\/\/www.tucomarca.com\/wordpress\/segunda\/ca\/lassemblea-tria-a-lalcalde-de-riba-roja-robert-raga-com-a-nou-president-del-consorci-valencia-interior\/\" title=\"L&#8217;Assemblea tria a l&#8217;alcalde de Riba-roja, Robert Raga, com a nou president del Consorci Val\u00e8ncia Interior\">[+] <\/a><\/div>\n","protected":false},"author":1,"featured_media":94557,"comment_status":"open","ping_status":"open","sticky":false,"template":"","format":"standard","meta":{"footnotes":""},"categories":[10890,10892,11046,10898,10948,10894,10904,10912,10903,10947,10909,10896],"tags":[417,10220],"class_list":{"0":"post-94562","1":"post","2":"type-post","3":"status-publish","4":"format-standard","5":"has-post-thumbnail","7":"category-ademus","8":"category-camp-de-turia-ca","9":"category-los-serranos-ca","10":"category-ventana-ca","11":"category-infraestructuras-ca","12":"category-la-comarca-ca","13":"category-sin-categorizar-ca","14":"category-la-hoya-ca","15":"category-medio-ambiente-la-comarca-ca","16":"category-politica","17":"category-requena-utiel-ca","18":"category-seccion-ca","19":"tag-consorcio-valencia-interior","20":"tag-cvi"},"_links":{"self":[{"href":"https:\/\/www.tucomarca.com\/wordpress\/segunda\/ca\/wp-json\/wp\/v2\/posts\/94562","targetHints":{"allow":["GET"]}}],"collection":[{"href":"https:\/\/www.tucomarca.com\/wordpress\/segunda\/ca\/wp-json\/wp\/v2\/posts"}],"about":[{"href":"https:\/\/www.tucomarca.com\/wordpress\/segunda\/ca\/wp-json\/wp\/v2\/types\/post"}],"author":[{"embeddable":true,"href":"https:\/\/www.tucomarca.com\/wordpress\/segunda\/ca\/wp-json\/wp\/v2\/users\/1"}],"replies":[{"embeddable":true,"href":"https:\/\/www.tucomarca.com\/wordpress\/segunda\/ca\/wp-json\/wp\/v2\/comments?post=94562"}],"version-history":[{"count":0,"href":"https:\/\/www.tucomarca.com\/wordpress\/segunda\/ca\/wp-json\/wp\/v2\/posts\/94562\/revisions"}],"wp:featuredmedia":[{"embeddable":true,"href":"https:\/\/www.tucomarca.com\/wordpress\/segunda\/ca\/wp-json\/wp\/v2\/media\/94557"}],"wp:attachment":[{"href":"https:\/\/www.tucomarca.com\/wordpress\/segunda\/ca\/wp-json\/wp\/v2\/media?parent=94562"}],"wp:term":[{"taxonomy":"category","embeddable":true,"href":"https:\/\/www.tucomarca.com\/wordpress\/segunda\/ca\/wp-json\/wp\/v2\/categories?post=94562"},{"taxonomy":"post_tag","embeddable":true,"href":"https:\/\/www.tucomarca.com\/wordpress\/segunda\/ca\/wp-json\/wp\/v2\/tags?post=94562"}],"curies":[{"name":"wp","href":"https:\/\/api.w.org\/{rel}","templated":true}]}}