{"id":94812,"date":"2019-10-29T13:48:42","date_gmt":"2019-10-29T11:48:42","guid":{"rendered":"http:\/\/www.tucomarca.com\/wordpress\/segunda\/?p=94812"},"modified":"2019-10-29T13:48:51","modified_gmt":"2019-10-29T11:48:51","slug":"el-pp-assegura-que-lliria-perd-dos-milions-deuros-en-subvencions-per-la-nefasta-gestio-del-govern-de-civera","status":"publish","type":"post","link":"https:\/\/www.tucomarca.com\/wordpress\/segunda\/ca\/el-pp-assegura-que-lliria-perd-dos-milions-deuros-en-subvencions-per-la-nefasta-gestio-del-govern-de-civera\/","title":{"rendered":"El PP assegura que Ll\u00edria &#8220;perd dos milions d&#8217;euros en subvencions per la nefasta gesti\u00f3 del Govern de Civera&#8221;"},"content":{"rendered":"\n<p>La portaveu del Grup Municipal del Partit Popular, Reme Mazzolari, ha denunciat en l&#8217;\u00faltim ple municipal que Ll\u00edria &#8220;ha perdut dos milions d&#8217;euros en subvencions nom\u00e9s en l&#8217;exercici 2018-2019 per la nefasta gesti\u00f3 del Govern de Manolo Civera, segons ha afirmat .<\/p>\n\n\n\n<p>Mazzolari ha criticat que &#8220;aquesta sagnia d&#8217;inversions est\u00e0 fent que Ll\u00edria perdi m\u00e9s i millors serveis per als nostres ve\u00efns&#8221; i ha lamentat que &#8220;els partits d&#8217;esquerra siguin incapa\u00e7os de rectificar la seva cont\u00ednua des\u00eddia en la gesti\u00f3 i es limitin a mirar cap a un altre costat&#8221; <\/p>\n\n\n\n<p>En aquest sentit, ha qualificat d &#8216; &#8220;intolerable&#8221; que Ll\u00edria perdi aquesta injecci\u00f3 de diners, pel que li ha exigit a Civera que &#8220;dimiteixi per la seva mala gesti\u00f3. Vagi-se&#8217;n ja Sr. Civera, \u00e9s vost\u00e8 una ru\u00efna per a Ll\u00edria per la seva falta de treball i responsabilitat &#8220;. Tamb\u00e9 ha tingut paraules per als socis de govern, Comprom\u00eds-MOVE,&#8221; senyors de l&#8217;esquerra, h\u00e1ganselo mirar per imposar amb el seu suport a un alcalde perdedor a qui la ciutat de Ll\u00edria li ha dit que no ho vol com alcalde i que ha d&#8217;estar a l&#8217;oposici\u00f3 &#8220;.<\/p>\n\n\n\n<p>Aix\u00ed, ha explicat que el Govern de PSOE i Comprom\u00eds-MOVE &#8220;ha perdut la subvenci\u00f3 de l&#8217;IVACE 2018 per no complir amb els terminis previstos per als projectes en els pol\u00edgons de Rascanya i Laboratoris R\u00e0dio, 265.000 euros i 65.000 euros respectivament. Tamb\u00e9 la p\u00e8rdua de la subvenci\u00f3 de la Diputaci\u00f3 de Val\u00e8ncia, corresponent al Pla Provincial d&#8217;Obres i Serveis (PPOS), per a la segona fase de l&#8217;obertura del carrer Garcilaso, amb un import de 145.625 euros, obra que es troba paralitzada per un canvi en el projecte que impedir\u00e0 que compleixi amb el termini establert &#8220;.<\/p>\n\n\n\n<p>&#8220;De la mateixa manera, el Govern d&#8217;esquerres ha perdut l&#8217;ajuda de 200.000 euros de la Conselleria d&#8217;Habitatge, Obres P\u00fabliques i Vertebraci\u00f3 del Territori per a la primera fase de la pujada al Monestir de Sant Miquel de 2018 i va perdre la de 2019 , amb altres 200.000 euros m\u00e9s, perqu\u00e8 l&#8217;obra havia d&#8217;estar acabada al 31 de desembre de 2019 i encara no l&#8217;ha comen\u00e7at, havent renunciat recentment l&#8217;empresa adjudicat\u00e0ria al contracte, de manera que incomplir\u00e0 novament el termini establert &#8220;, sempre segons la portaveu del PP.<\/p>\n\n\n\n<p>Mazzolari ha lamentat que &#8220;s&#8217;ha perdut la subvenci\u00f3 que la Diputaci\u00f3 de Val\u00e8ncia, a trav\u00e9s del PPOS, havia aprovat per a la millora de l&#8217;acc\u00e9s a les instal\u00b7lacions esportives d&#8217;El Can\u00f3, per un import de 218.245 euros. Aquestes obres havien d&#8217;estar finalitzades el 19 de juliol de 2019 i encara segueixen en marxa &#8220;.<\/p>\n\n\n\n<p>&#8220;A totes aquestes subvencions perdudes se suma la concedida per la Diputaci\u00f3 de Val\u00e8ncia per al centre de recepci\u00f3 de menors per un import de 910.478,50 euros, una inversi\u00f3 finan\u00e7ada des de l&#8217;\u00e0rea de Benestar Social del pressupost del 2017 de la Diputaci\u00f3 i podia haver-se convingut el seu dest\u00ed a un altre projecte en mat\u00e8ria social, proposant el PP la resid\u00e8ncia i centre de dia per a persones amb discapacitat &#8220;, ha subratllat.<\/p>\n\n\n\n<p><strong>Ajudes per m\u00e9s de 660.000 euros en risc<\/strong><\/p>\n\n\n\n<p>Igualment, ha advertit que &#8220;hi ha subvencions, les dates encara no han ven\u00e7ut, per\u00f2 que estan en perill de perdre si no compleixen amb els terminis marcats, alguns recentment prorrogats, que ascendeixen a un total de 664.504 euros, per tant, de ser aix\u00ed, estar\u00edem parlant de m\u00e9s de 2,6 milions d&#8217;euros perduts &#8220;i ha afegit que&#8221; l&#8217;actual Govern de PSOE i Comprom\u00eds-MOVE passar\u00e0 a la hist\u00f2ria com el pitjor gestor per ser el que m\u00e9s diners li ha costat a la ciutadania de Ll\u00edria en p\u00e8rdua de subvencions &#8220;.<\/p>\n\n\n\n<p>&#8220;Despr\u00e9s de perdre la subvenci\u00f3 del IVACE 2018, el Govern de Civera ha presentat els mateixos projectes per als pol\u00edgons de Rascanya i Laboratoris R\u00e0dio amb una inversi\u00f3 aprovada de 265.000 euros i 65.000 euros respectivament. Aquestes obres han d&#8217;estar finalitzades el 15 de gener de 2020 per\u00f2 estem a finals d&#8217;octubre i les obres encara no s&#8217;han iniciat &#8220;.&nbsp;<\/p>\n\n\n\n<p>El projecte per dos nous camps de futbol al Prat, no reglamentaris, compten amb una subvenci\u00f3 de la Diputaci\u00f3 de Val\u00e8ncia, dins del programa d&#8217;ajudes per a Inversions Financerament Sostenibles (IFS), per un import de 229.085 -la inversi\u00f3 total ascendeix a 585.638 euros&#8211;. &#8220;Les obres han d&#8217;acabar el 15 de novembre de 2019 i, a tres setmanes de v\u00e8ncer el termini, les obres encara continuen en execuci\u00f3. Ara despr\u00e9s de les pressions dels populars s&#8217;ha demanat la pr\u00f2rroga de la subvenci\u00f3 aconseguint un nou termini fins al 29 de maig &#8220;, ha manifestat.<\/p>\n\n\n\n<p>&#8220;La Diputaci\u00f3 de Val\u00e8ncia ha atorgat una subvenci\u00f3 dins el programa Ruta Ibers 2018 per a la millora de l&#8217;acc\u00e9s al Castellet de Bernab\u00e9 per un import de 14.419 euros. Les obres estan paralitzades perqu\u00e8 l&#8217;Ajuntament de Ll\u00edria no ha sol\u00b7licitat l&#8217;autoritzaci\u00f3 pertinent, a l&#8217;espera que aix\u00ed sigui, el termini de finalitzaci\u00f3 de les obres est\u00e0 marcada per al 31 de desembre de 2019, per la qual cosa perilla aquest ajut si no es compleixen els termes exigits en la subvenci\u00f3 &#8220;.<\/p>\n\n\n\n<p>Finalment, dins el programa SOM 2018-2019 de la Diputaci\u00f3 de Val\u00e8ncia, hi ha tres ajudes, en el qual es subvenciona el 50% del projecte, la data l\u00edmit \u00e9s el 29 de novembre de 2019. Aquestes s\u00f3n: la reurbanitzaci\u00f3 de l&#8217;Av . dels Furs amb un cost total de 178.168,89 euros 89.000 euros subvencionats &#8212;; el subministrament i instal\u00b7laci\u00f3 de mobiliari i equipament per a les depend\u00e8ncies de la Policia Local, amb una inversi\u00f3 de 180.000 euros -90.000 euros subvencionados&#8211;; i, la transformaci\u00f3, reparaci\u00f3 i millora dels contenidors soterrats, per un import total de 100.000 euros -50.000 euros subvencionados&#8211;.<\/p>\n\n\n\n<p>&#8220;Encara que se&#8217;ns ha informat en els serveis municipals de contractaci\u00f3 una pr\u00f2rroga fins al 22 de maig, en cas de no complir-se, l&#8217;Ajuntament perdria aquesta important inversi\u00f3&#8221;, ha criticat la dirigent popular.<br><\/p>\n","protected":false},"excerpt":{"rendered":"<div class=\"mh-excerpt\">La portaveu del Grup Municipal del Partit Popular, Reme Mazzolari, ha denunciat en l&#8217;\u00faltim ple municipal que Ll\u00edria &#8220;ha perdut dos milions d&#8217;euros en subvencions nom\u00e9s en l&#8217;exercici 2018-2019 per la nefasta gesti\u00f3 del Govern <a class=\"mh-excerpt-more\" href=\"https:\/\/www.tucomarca.com\/wordpress\/segunda\/ca\/el-pp-assegura-que-lliria-perd-dos-milions-deuros-en-subvencions-per-la-nefasta-gestio-del-govern-de-civera\/\" title=\"El PP assegura que Ll\u00edria &#8220;perd dos milions d&#8217;euros en subvencions per la nefasta gesti\u00f3 del Govern de Civera&#8221;\">[+] <\/a><\/div>\n","protected":false},"author":1,"featured_media":94813,"comment_status":"open","ping_status":"open","sticky":false,"template":"","format":"standard","meta":{"footnotes":""},"categories":[10892,10948,10894,10928,10947,10896],"tags":[10395],"class_list":{"0":"post-94812","1":"post","2":"type-post","3":"status-publish","4":"format-standard","5":"has-post-thumbnail","7":"category-camp-de-turia-ca","8":"category-infraestructuras-ca","9":"category-la-comarca-ca","10":"category-lliria-ca","11":"category-politica","12":"category-seccion-ca","13":"tag-camp-de-turia"},"_links":{"self":[{"href":"https:\/\/www.tucomarca.com\/wordpress\/segunda\/ca\/wp-json\/wp\/v2\/posts\/94812","targetHints":{"allow":["GET"]}}],"collection":[{"href":"https:\/\/www.tucomarca.com\/wordpress\/segunda\/ca\/wp-json\/wp\/v2\/posts"}],"about":[{"href":"https:\/\/www.tucomarca.com\/wordpress\/segunda\/ca\/wp-json\/wp\/v2\/types\/post"}],"author":[{"embeddable":true,"href":"https:\/\/www.tucomarca.com\/wordpress\/segunda\/ca\/wp-json\/wp\/v2\/users\/1"}],"replies":[{"embeddable":true,"href":"https:\/\/www.tucomarca.com\/wordpress\/segunda\/ca\/wp-json\/wp\/v2\/comments?post=94812"}],"version-history":[{"count":0,"href":"https:\/\/www.tucomarca.com\/wordpress\/segunda\/ca\/wp-json\/wp\/v2\/posts\/94812\/revisions"}],"wp:featuredmedia":[{"embeddable":true,"href":"https:\/\/www.tucomarca.com\/wordpress\/segunda\/ca\/wp-json\/wp\/v2\/media\/94813"}],"wp:attachment":[{"href":"https:\/\/www.tucomarca.com\/wordpress\/segunda\/ca\/wp-json\/wp\/v2\/media?parent=94812"}],"wp:term":[{"taxonomy":"category","embeddable":true,"href":"https:\/\/www.tucomarca.com\/wordpress\/segunda\/ca\/wp-json\/wp\/v2\/categories?post=94812"},{"taxonomy":"post_tag","embeddable":true,"href":"https:\/\/www.tucomarca.com\/wordpress\/segunda\/ca\/wp-json\/wp\/v2\/tags?post=94812"}],"curies":[{"name":"wp","href":"https:\/\/api.w.org\/{rel}","templated":true}]}}