{"id":94828,"date":"2019-10-29T13:44:25","date_gmt":"2019-10-29T11:44:25","guid":{"rendered":"http:\/\/www.tucomarca.com\/wordpress\/segunda\/?p=94828"},"modified":"2019-10-29T13:44:34","modified_gmt":"2019-10-29T11:44:34","slug":"emergencies-suma-huit-nous-vehicles-a-la-flota-del-servei-dels-bombers-forestals-de-la-generalitat","status":"publish","type":"post","link":"https:\/\/www.tucomarca.com\/wordpress\/segunda\/ca\/emergencies-suma-huit-nous-vehicles-a-la-flota-del-servei-dels-bombers-forestals-de-la-generalitat\/","title":{"rendered":"Emerg\u00e8ncies suma huit nous vehicles a la flota del servei dels bombers forestals de la Generalitat"},"content":{"rendered":"\n<p>La Conselleria de Just\u00edcia, a trav\u00e9s de l&#8217;Ag\u00e8ncia de Seguretat i Resposta a les Emerg\u00e8ncies, ha distribu\u00eft al llarg d&#8217;aquesta setmana huit vehicles entre unitats de bombers forestals de les tres prov\u00edncies amb l&#8217;objectiu d&#8217;anar renovant la flota de manera progressiva.<\/p>\n\n\n\n<p>Es tracta de vuit vehicles tot terreny amb carrosseria tipus &#8216;pick up&#8217;, amb capacitat per a cinc places, la compra s&#8217;ha efectuat a trav\u00e9s del cat\u00e0leg de compra centralitzada del Ministeri d&#8217;Hisenda amb un preu per unitat de 32.670 euros i un import total de 261.360 euros.<\/p>\n\n\n\n<p>Els vehicles s&#8217;han carrossat per obtenir una millor distribuci\u00f3 de la c\u00e0rrega, que pot arribar als 1.000 quilos, i un acc\u00e9s r\u00e0pid a les eines per a l&#8217;extinci\u00f3 d&#8217;incendis. Al llarg d&#8217;aquesta setmana els vehicles s&#8217;han distribu\u00eft entre les unitats de bombers forestals de Sant Mateu, Ayodar i X\u00e8rica a Castell\u00f3; Ayora, B\u00e9tera i Requena, a Val\u00e8ncia; i Torre de les Ma\u00e7anes i Callosa d&#8217;en Sarri\u00e0, a Alacant.<\/p>\n\n\n\n<p>Aquesta renovaci\u00f3 progressiva de la flota de vehicles es completar\u00e0 en els pr\u00f2xims mesos amb la incorporaci\u00f3 de vuit noves autobombes, un element b\u00e0sic en la lluita contra incendis forestals.<\/p>\n","protected":false},"excerpt":{"rendered":"<div class=\"mh-excerpt\">La Conselleria de Just\u00edcia, a trav\u00e9s de l&#8217;Ag\u00e8ncia de Seguretat i Resposta a les Emerg\u00e8ncies, ha distribu\u00eft al llarg d&#8217;aquesta setmana huit vehicles entre unitats de bombers forestals de les tres prov\u00edncies amb l&#8217;objectiu d&#8217;anar <a class=\"mh-excerpt-more\" href=\"https:\/\/www.tucomarca.com\/wordpress\/segunda\/ca\/emergencies-suma-huit-nous-vehicles-a-la-flota-del-servei-dels-bombers-forestals-de-la-generalitat\/\" title=\"Emerg\u00e8ncies suma huit nous vehicles a la flota del servei dels bombers forestals de la Generalitat\">[+] <\/a><\/div>\n","protected":false},"author":1,"featured_media":94826,"comment_status":"open","ping_status":"open","sticky":false,"template":"","format":"standard","meta":{"footnotes":""},"categories":[10954,10951,10937,10892,10948,10894,10904,10903,10947,10908,10909,10896],"tags":[],"class_list":{"0":"post-94828","1":"post","2":"type-post","3":"status-publish","4":"format-standard","5":"has-post-thumbnail","7":"category-ayora-ca","8":"category-ayora-cofrentes-ca","9":"category-betera-ca","10":"category-camp-de-turia-ca","11":"category-infraestructuras-ca","12":"category-la-comarca-ca","13":"category-sin-categorizar-ca","14":"category-medio-ambiente-la-comarca-ca","15":"category-politica","16":"category-requena-ca","17":"category-requena-utiel-ca","18":"category-seccion-ca"},"_links":{"self":[{"href":"https:\/\/www.tucomarca.com\/wordpress\/segunda\/ca\/wp-json\/wp\/v2\/posts\/94828","targetHints":{"allow":["GET"]}}],"collection":[{"href":"https:\/\/www.tucomarca.com\/wordpress\/segunda\/ca\/wp-json\/wp\/v2\/posts"}],"about":[{"href":"https:\/\/www.tucomarca.com\/wordpress\/segunda\/ca\/wp-json\/wp\/v2\/types\/post"}],"author":[{"embeddable":true,"href":"https:\/\/www.tucomarca.com\/wordpress\/segunda\/ca\/wp-json\/wp\/v2\/users\/1"}],"replies":[{"embeddable":true,"href":"https:\/\/www.tucomarca.com\/wordpress\/segunda\/ca\/wp-json\/wp\/v2\/comments?post=94828"}],"version-history":[{"count":0,"href":"https:\/\/www.tucomarca.com\/wordpress\/segunda\/ca\/wp-json\/wp\/v2\/posts\/94828\/revisions"}],"wp:featuredmedia":[{"embeddable":true,"href":"https:\/\/www.tucomarca.com\/wordpress\/segunda\/ca\/wp-json\/wp\/v2\/media\/94826"}],"wp:attachment":[{"href":"https:\/\/www.tucomarca.com\/wordpress\/segunda\/ca\/wp-json\/wp\/v2\/media?parent=94828"}],"wp:term":[{"taxonomy":"category","embeddable":true,"href":"https:\/\/www.tucomarca.com\/wordpress\/segunda\/ca\/wp-json\/wp\/v2\/categories?post=94828"},{"taxonomy":"post_tag","embeddable":true,"href":"https:\/\/www.tucomarca.com\/wordpress\/segunda\/ca\/wp-json\/wp\/v2\/tags?post=94828"}],"curies":[{"name":"wp","href":"https:\/\/api.w.org\/{rel}","templated":true}]}}