{"id":94838,"date":"2019-10-29T14:08:14","date_gmt":"2019-10-29T12:08:14","guid":{"rendered":"http:\/\/www.tucomarca.com\/wordpress\/segunda\/?p=94838"},"modified":"2019-10-29T14:09:05","modified_gmt":"2019-10-29T12:09:05","slug":"el-consell-aprova-un-conveni-amb-lajuntament-de-xest-per-a-la-promocio-de-la-salut-a-traves-de-lactivitat-fisica","status":"publish","type":"post","link":"https:\/\/www.tucomarca.com\/wordpress\/segunda\/ca\/el-consell-aprova-un-conveni-amb-lajuntament-de-xest-per-a-la-promocio-de-la-salut-a-traves-de-lactivitat-fisica\/","title":{"rendered":"El Consell aprova un conveni amb l&#8217;Ajuntament de Xest per a la promoci\u00f3 de la salut a trav\u00e9s de l&#8217;activitat f\u00edsica"},"content":{"rendered":"\n<p>El Ple del Consell ha aprovat un conveni de col\u00b7laboraci\u00f3 entre la Conselleria de Sanitat Universal i Salut P\u00fablica i l&#8217;Ajuntament de Xest per al desenvolupament d&#8217;un programa de promoci\u00f3, foment i pr\u00e0ctica de l&#8217;activitat f\u00edsica i exercici f\u00edsic orientat a la salut.<\/p>\n\n\n\n<p>La finalitat d&#8217;aquest conveni \u00e9s regular la relaci\u00f3 entre ambdues administracions per a la posada en marxa del programa municipal d&#8217;activitat f\u00edsica i salut VIU-ACTIU, que es va a desenvolupar des del centre de salut de Xest.<\/p>\n\n\n\n<p>El programa va dirigit a la ciutadania resident o empadronada al municipi de Xest i estiguin assignats al centre de salut d&#8217;aquesta localitat. Per a l&#8217;acc\u00e9s, \u00e9s necess\u00e0ria la prescripci\u00f3 d&#8217;activitat f\u00edsica per part del metge d&#8217;atenci\u00f3 prim\u00e0ria a les persones amb sedentarisme i \/ o solitud no desitjada.<\/p>\n\n\n\n<p>La posada en marxa d&#8217;aquest projecte no comporta despesa per a la Generalitat. En el conveni s&#8217;estableix que \u00e9s l&#8217;Ajuntament de Xest qui es fa c\u00e0rrec de les necessitats materials i de recursos humans per a la seva posada en funcionament.<\/p>\n\n\n\n<p>Els professionals que imparteixen el programa disposen de formaci\u00f3 t\u00e8cnica en l&#8217;\u00e0rea de l&#8217;esport i l&#8217;educaci\u00f3 f\u00edsica, a m\u00e9s de comptar amb especialitzaci\u00f3 de m\u00e0ster en salut o prescripci\u00f3 d&#8217;exercici f\u00edsic.<\/p>\n\n\n\n<p>L&#8217;objectiu de la Conselleria de Sanitat \u00e9s la promoci\u00f3 d&#8217;estils de vida saludables en la ciutadania des d&#8217;atenci\u00f3 prim\u00e0ria amb els recursos municipals comunitaris. Per aix\u00f2, s&#8217;estan posant en marxa actuacions i iniciatives que fomenten la participaci\u00f3 en pr\u00e0ctiques saludables.<\/p>\n","protected":false},"excerpt":{"rendered":"<div class=\"mh-excerpt\">El Ple del Consell ha aprovat un conveni de col\u00b7laboraci\u00f3 entre la Conselleria de Sanitat Universal i Salut P\u00fablica i l&#8217;Ajuntament de Xest per al desenvolupament d&#8217;un programa de promoci\u00f3, foment i pr\u00e0ctica de l&#8217;activitat <a class=\"mh-excerpt-more\" href=\"https:\/\/www.tucomarca.com\/wordpress\/segunda\/ca\/el-consell-aprova-un-conveni-amb-lajuntament-de-xest-per-a-la-promocio-de-la-salut-a-traves-de-lactivitat-fisica\/\" title=\"El Consell aprova un conveni amb l&#8217;Ajuntament de Xest per a la promoci\u00f3 de la salut a trav\u00e9s de l&#8217;activitat f\u00edsica\">[+] <\/a><\/div>\n","protected":false},"author":1,"featured_media":89187,"comment_status":"open","ping_status":"open","sticky":false,"template":"","format":"standard","meta":{"footnotes":""},"categories":[11010,10898,10948,10894,10904,10912,10947,10896,10974],"tags":[],"class_list":{"0":"post-94838","1":"post","2":"type-post","3":"status-publish","4":"format-standard","5":"has-post-thumbnail","7":"category-canal-salud","8":"category-ventana-ca","9":"category-infraestructuras-ca","10":"category-la-comarca-ca","11":"category-sin-categorizar-ca","12":"category-la-hoya-ca","13":"category-politica","14":"category-seccion-ca","15":"category-cheste-ca"},"_links":{"self":[{"href":"https:\/\/www.tucomarca.com\/wordpress\/segunda\/ca\/wp-json\/wp\/v2\/posts\/94838","targetHints":{"allow":["GET"]}}],"collection":[{"href":"https:\/\/www.tucomarca.com\/wordpress\/segunda\/ca\/wp-json\/wp\/v2\/posts"}],"about":[{"href":"https:\/\/www.tucomarca.com\/wordpress\/segunda\/ca\/wp-json\/wp\/v2\/types\/post"}],"author":[{"embeddable":true,"href":"https:\/\/www.tucomarca.com\/wordpress\/segunda\/ca\/wp-json\/wp\/v2\/users\/1"}],"replies":[{"embeddable":true,"href":"https:\/\/www.tucomarca.com\/wordpress\/segunda\/ca\/wp-json\/wp\/v2\/comments?post=94838"}],"version-history":[{"count":0,"href":"https:\/\/www.tucomarca.com\/wordpress\/segunda\/ca\/wp-json\/wp\/v2\/posts\/94838\/revisions"}],"wp:featuredmedia":[{"embeddable":true,"href":"https:\/\/www.tucomarca.com\/wordpress\/segunda\/ca\/wp-json\/wp\/v2\/media\/89187"}],"wp:attachment":[{"href":"https:\/\/www.tucomarca.com\/wordpress\/segunda\/ca\/wp-json\/wp\/v2\/media?parent=94838"}],"wp:term":[{"taxonomy":"category","embeddable":true,"href":"https:\/\/www.tucomarca.com\/wordpress\/segunda\/ca\/wp-json\/wp\/v2\/categories?post=94838"},{"taxonomy":"post_tag","embeddable":true,"href":"https:\/\/www.tucomarca.com\/wordpress\/segunda\/ca\/wp-json\/wp\/v2\/tags?post=94838"}],"curies":[{"name":"wp","href":"https:\/\/api.w.org\/{rel}","templated":true}]}}