{"id":94876,"date":"2019-10-29T19:32:06","date_gmt":"2019-10-29T17:32:06","guid":{"rendered":"http:\/\/www.tucomarca.com\/wordpress\/segunda\/?p=94876"},"modified":"2019-10-29T19:32:14","modified_gmt":"2019-10-29T17:32:14","slug":"lassociacio-de-municipis-del-parc-natural-del-turia-presenta-un-projecte-de-sostenibilitat-del-riu-a-la-diputacio","status":"publish","type":"post","link":"https:\/\/www.tucomarca.com\/wordpress\/segunda\/ca\/lassociacio-de-municipis-del-parc-natural-del-turia-presenta-un-projecte-de-sostenibilitat-del-riu-a-la-diputacio\/","title":{"rendered":"L&#8217;Associaci\u00f3 de Municipis del Parc Natural del T\u00faria presenta un projecte de sostenibilitat del riu a la Diputaci\u00f3"},"content":{"rendered":"\n<p>El vicepresident tercer i responsable de l&#8217;\u00e0rea de Cooperaci\u00f3 Municipal, Coordinaci\u00f3 Institucional i Cohesi\u00f3 Territorial, Carlos Fern\u00e1ndez Bielsa, s&#8217;ha reunit este dimarts en la seu central de la Diputaci\u00f3 amb el president de l&#8217;Associaci\u00f3 de Municipis del Parc Natural del T\u00faria i alcalde de Riba-roja, Robert Raga, qui ha presentat al responsable provincial un projecte de sostenibilitat per al riu.<\/p>\n\n\n\n<p>Robert Raga ha explicat a Bielsa, tamb\u00e9 diputat de Projectes Europeus, els detalls d&#8217;un estudi que pret\u00e9n donar nous usos als residus de les canyes que s&#8217;acumulen en el llit del parc fluvial del T\u00faria.\u00a0<\/p>\n","protected":false},"excerpt":{"rendered":"<div class=\"mh-excerpt\">El vicepresident tercer i responsable de l&#8217;\u00e0rea de Cooperaci\u00f3 Municipal, Coordinaci\u00f3 Institucional i Cohesi\u00f3 Territorial, Carlos Fern\u00e1ndez Bielsa, s&#8217;ha reunit este dimarts en la seu central de la Diputaci\u00f3 amb el president de l&#8217;Associaci\u00f3 de <a class=\"mh-excerpt-more\" href=\"https:\/\/www.tucomarca.com\/wordpress\/segunda\/ca\/lassociacio-de-municipis-del-parc-natural-del-turia-presenta-un-projecte-de-sostenibilitat-del-riu-a-la-diputacio\/\" title=\"L&#8217;Associaci\u00f3 de Municipis del Parc Natural del T\u00faria presenta un projecte de sostenibilitat del riu a la Diputaci\u00f3\">[+] <\/a><\/div>\n","protected":false},"author":1,"featured_media":94874,"comment_status":"open","ping_status":"open","sticky":false,"template":"","format":"standard","meta":{"footnotes":""},"categories":[10892,10898,10948,10894,10904,10903,10947,10906,10896],"tags":[10395,10899],"class_list":{"0":"post-94876","1":"post","2":"type-post","3":"status-publish","4":"format-standard","5":"has-post-thumbnail","7":"category-camp-de-turia-ca","8":"category-ventana-ca","9":"category-infraestructuras-ca","10":"category-la-comarca-ca","11":"category-sin-categorizar-ca","12":"category-medio-ambiente-la-comarca-ca","13":"category-politica","14":"category-riba-roja-ca","15":"category-seccion-ca","16":"tag-camp-de-turia","17":"tag-camp-de-turia-ca"},"_links":{"self":[{"href":"https:\/\/www.tucomarca.com\/wordpress\/segunda\/ca\/wp-json\/wp\/v2\/posts\/94876","targetHints":{"allow":["GET"]}}],"collection":[{"href":"https:\/\/www.tucomarca.com\/wordpress\/segunda\/ca\/wp-json\/wp\/v2\/posts"}],"about":[{"href":"https:\/\/www.tucomarca.com\/wordpress\/segunda\/ca\/wp-json\/wp\/v2\/types\/post"}],"author":[{"embeddable":true,"href":"https:\/\/www.tucomarca.com\/wordpress\/segunda\/ca\/wp-json\/wp\/v2\/users\/1"}],"replies":[{"embeddable":true,"href":"https:\/\/www.tucomarca.com\/wordpress\/segunda\/ca\/wp-json\/wp\/v2\/comments?post=94876"}],"version-history":[{"count":0,"href":"https:\/\/www.tucomarca.com\/wordpress\/segunda\/ca\/wp-json\/wp\/v2\/posts\/94876\/revisions"}],"wp:featuredmedia":[{"embeddable":true,"href":"https:\/\/www.tucomarca.com\/wordpress\/segunda\/ca\/wp-json\/wp\/v2\/media\/94874"}],"wp:attachment":[{"href":"https:\/\/www.tucomarca.com\/wordpress\/segunda\/ca\/wp-json\/wp\/v2\/media?parent=94876"}],"wp:term":[{"taxonomy":"category","embeddable":true,"href":"https:\/\/www.tucomarca.com\/wordpress\/segunda\/ca\/wp-json\/wp\/v2\/categories?post=94876"},{"taxonomy":"post_tag","embeddable":true,"href":"https:\/\/www.tucomarca.com\/wordpress\/segunda\/ca\/wp-json\/wp\/v2\/tags?post=94876"}],"curies":[{"name":"wp","href":"https:\/\/api.w.org\/{rel}","templated":true}]}}