{"id":94885,"date":"2019-10-29T19:41:37","date_gmt":"2019-10-29T17:41:37","guid":{"rendered":"http:\/\/www.tucomarca.com\/wordpress\/segunda\/?p=94885"},"modified":"2019-10-29T19:41:44","modified_gmt":"2019-10-29T17:41:44","slug":"lalumnat-de-segon-de-primaria-del-ceip-joaquin-munoz-visita-lajuntament-de-turis-per-a-interessar-se-pel-seu-funcionament","status":"publish","type":"post","link":"https:\/\/www.tucomarca.com\/wordpress\/segunda\/ca\/lalumnat-de-segon-de-primaria-del-ceip-joaquin-munoz-visita-lajuntament-de-turis-per-a-interessar-se-pel-seu-funcionament\/","title":{"rendered":"L\u2019alumnat de segon de prim\u00e0ria del CEIP\u00a0Joaqu\u00edn\u00a0Mu\u00f1oz visita l\u2019Ajuntament de\u00a0Tur\u00eds\u00a0per a interessar-se pel seu\u00a0funcionament"},"content":{"rendered":"\n<p>L\u2019Ajuntament de&nbsp;Tur\u00eds&nbsp;ha obert una vegada m\u00e9s les seues portes de bat a bat per a rebre a l\u2019alumnat del CEIP&nbsp;Joaqu\u00edn&nbsp;Mu\u00f1oz. En&nbsp;esta&nbsp;ocasi\u00f3 alumnes de segon de prim\u00e0ria col\u00b7lapsaren literalment el sal\u00f3 de plens, i no solament amb la seua pres\u00e8ncia sin\u00f3 amb la gran quantitat de dubtes que plantejaren a l\u2019Alcalde,&nbsp;Eugenio&nbsp;Forta\u00f1a.<\/p>\n\n\n\n<p>La m\u00e0xima autoritat f\u00e9u de guia junt amb regidors i regidores de l\u2019equip de govern i hi hagu\u00e9 d&#8217;emplenar-se a fons per explicar com s\u2019arriba a ser Alcalde, com funciona el ple de l\u2019ajuntament o si ell \u00e9s el cap de la Policia Local entre altres curiositats.<\/p>\n\n\n\n<p>La visita continu\u00e0 per la recepci\u00f3, despatxos i finalitz\u00e0 al despatx d\u2019alcaldia on&nbsp;Eugenio&nbsp;Forta\u00f1a&nbsp;enseny\u00e0 a l\u2019alumnat el volum de la Constituci\u00f3 Espanyola que presideix l\u2019estan\u00e7a, \u201ccom a norma fonamental de tot l\u2019estat i que hem de complir tots i totes a m\u00e9s&nbsp;que garanteix els nostres drets\u201d. La vara de &#8220;mando&#8221; tamb\u00e9 va captar l\u2019atenci\u00f3 d\u2019estes&nbsp;menudes i inquietes ments.<\/p>\n\n\n\n<p>Per a finalitzar cadascuna de les classes es va fer una foto de record des del balc\u00f3 consistorial.<br><\/p>\n\n\n\n<figure class=\"wp-block-image\"><img loading=\"lazy\" decoding=\"async\" width=\"1024\" height=\"768\" src=\"http:\/\/www.tucomarca.com\/wordpress\/segunda\/wp-content\/uploads\/2019\/10\/Turisjoves2-1024x768.jpg\" alt=\"La m\u00e1xima autoridad hizo de gu\u00eda junto con regidores y regidoras del equipo de gobierno.\" class=\"wp-image-94882\" srcset=\"https:\/\/www.tucomarca.com\/wordpress\/segunda\/wp-content\/uploads\/2019\/10\/Turisjoves2-1024x768.jpg 1024w, https:\/\/www.tucomarca.com\/wordpress\/segunda\/wp-content\/uploads\/2019\/10\/Turisjoves2-300x225.jpg 300w, https:\/\/www.tucomarca.com\/wordpress\/segunda\/wp-content\/uploads\/2019\/10\/Turisjoves2-768x576.jpg 768w, https:\/\/www.tucomarca.com\/wordpress\/segunda\/wp-content\/uploads\/2019\/10\/Turisjoves2-678x509.jpg 678w, https:\/\/www.tucomarca.com\/wordpress\/segunda\/wp-content\/uploads\/2019\/10\/Turisjoves2-326x245.jpg 326w, https:\/\/www.tucomarca.com\/wordpress\/segunda\/wp-content\/uploads\/2019\/10\/Turisjoves2-80x60.jpg 80w\" sizes=\"auto, (max-width: 1024px) 100vw, 1024px\" \/><figcaption>La m\u00e0xima autoritat va fer de guia juntament amb regidors i regidores de l&#8217;equip de govern.<\/figcaption><\/figure>\n","protected":false},"excerpt":{"rendered":"<div class=\"mh-excerpt\">L\u2019Ajuntament de&nbsp;Tur\u00eds&nbsp;ha obert una vegada m\u00e9s les seues portes de bat a bat per a rebre a l\u2019alumnat del CEIP&nbsp;Joaqu\u00edn&nbsp;Mu\u00f1oz. En&nbsp;esta&nbsp;ocasi\u00f3 alumnes de segon de prim\u00e0ria col\u00b7lapsaren literalment el sal\u00f3 de plens, i no solament <a class=\"mh-excerpt-more\" href=\"https:\/\/www.tucomarca.com\/wordpress\/segunda\/ca\/lalumnat-de-segon-de-primaria-del-ceip-joaquin-munoz-visita-lajuntament-de-turis-per-a-interessar-se-pel-seu-funcionament\/\" title=\"L\u2019alumnat de segon de prim\u00e0ria del CEIP\u00a0Joaqu\u00edn\u00a0Mu\u00f1oz visita l\u2019Ajuntament de\u00a0Tur\u00eds\u00a0per a interessar-se pel seu\u00a0funcionament\">[+] <\/a><\/div>\n","protected":false},"author":1,"featured_media":94881,"comment_status":"open","ping_status":"open","sticky":false,"template":"","format":"standard","meta":{"footnotes":""},"categories":[10948,10894,10902,10947,10896,11047],"tags":[3640,11077],"class_list":{"0":"post-94885","1":"post","2":"type-post","3":"status-publish","4":"format-standard","5":"has-post-thumbnail","7":"category-infraestructuras-ca","8":"category-la-comarca-ca","9":"category-la-ribera-ca","10":"category-politica","11":"category-seccion-ca","12":"category-turis-ca","13":"tag-la-ribera-alta","14":"tag-la-ribera-alta-ca"},"_links":{"self":[{"href":"https:\/\/www.tucomarca.com\/wordpress\/segunda\/ca\/wp-json\/wp\/v2\/posts\/94885","targetHints":{"allow":["GET"]}}],"collection":[{"href":"https:\/\/www.tucomarca.com\/wordpress\/segunda\/ca\/wp-json\/wp\/v2\/posts"}],"about":[{"href":"https:\/\/www.tucomarca.com\/wordpress\/segunda\/ca\/wp-json\/wp\/v2\/types\/post"}],"author":[{"embeddable":true,"href":"https:\/\/www.tucomarca.com\/wordpress\/segunda\/ca\/wp-json\/wp\/v2\/users\/1"}],"replies":[{"embeddable":true,"href":"https:\/\/www.tucomarca.com\/wordpress\/segunda\/ca\/wp-json\/wp\/v2\/comments?post=94885"}],"version-history":[{"count":0,"href":"https:\/\/www.tucomarca.com\/wordpress\/segunda\/ca\/wp-json\/wp\/v2\/posts\/94885\/revisions"}],"wp:featuredmedia":[{"embeddable":true,"href":"https:\/\/www.tucomarca.com\/wordpress\/segunda\/ca\/wp-json\/wp\/v2\/media\/94881"}],"wp:attachment":[{"href":"https:\/\/www.tucomarca.com\/wordpress\/segunda\/ca\/wp-json\/wp\/v2\/media?parent=94885"}],"wp:term":[{"taxonomy":"category","embeddable":true,"href":"https:\/\/www.tucomarca.com\/wordpress\/segunda\/ca\/wp-json\/wp\/v2\/categories?post=94885"},{"taxonomy":"post_tag","embeddable":true,"href":"https:\/\/www.tucomarca.com\/wordpress\/segunda\/ca\/wp-json\/wp\/v2\/tags?post=94885"}],"curies":[{"name":"wp","href":"https:\/\/api.w.org\/{rel}","templated":true}]}}