{"id":94891,"date":"2019-10-29T19:55:56","date_gmt":"2019-10-29T17:55:56","guid":{"rendered":"http:\/\/www.tucomarca.com\/wordpress\/segunda\/?p=94891"},"modified":"2019-10-29T20:57:40","modified_gmt":"2019-10-29T18:57:40","slug":"el-terror-sapodera-de-bunyol-en-halloween","status":"publish","type":"post","link":"https:\/\/www.tucomarca.com\/wordpress\/segunda\/ca\/el-terror-sapodera-de-bunyol-en-halloween\/","title":{"rendered":"El terror s&#8217;apodera de Bunyol en Halloween."},"content":{"rendered":"\n<p>Aquest dijous, 31 d&#8217;octubre, a partir de les 18,00 hores, la regidoria de Cultura Popular de l&#8217;Ajuntament de Bunyol, que administra Rafa P\u00e9rez, ha programat un any m\u00e9s la festa de Halloween infantil al Barri Sant Rafael perqu\u00e8 nens, ve\u00efns i familiars puguin gaudir d&#8217;unes hores \u00abterror\u00edfiques\u00bb.<\/p>\n\n\n\n<p>Comen\u00e7ar\u00e0 a les 18,00 hores amb pintacares i animaci\u00f3 per continuar a les 19,00 hores amb el divertit \u00abtruc o tracte\u00bb, en el qual els nens i nenes m\u00e9s petits visitaran els domicilis del barri i demanen caramels disfressats de vestits t\u00edpics de Halloween. En aquesta festa entranyable per als petits col\u00b7labora l&#8217;Associaci\u00f3 de ve\u00efns del Barri Sant Rafael.<\/p>\n","protected":false},"excerpt":{"rendered":"<div class=\"mh-excerpt\">Aquest dijous, 31 d&#8217;octubre, a partir de les 18,00 hores, la regidoria de Cultura Popular de l&#8217;Ajuntament de Bunyol, que administra Rafa P\u00e9rez, ha programat un any m\u00e9s la festa de Halloween infantil al Barri <a class=\"mh-excerpt-more\" href=\"https:\/\/www.tucomarca.com\/wordpress\/segunda\/ca\/el-terror-sapodera-de-bunyol-en-halloween\/\" title=\"El terror s&#8217;apodera de Bunyol en Halloween.\">[+] <\/a><\/div>\n","protected":false},"author":1,"featured_media":94889,"comment_status":"open","ping_status":"open","sticky":false,"template":"","format":"standard","meta":{"footnotes":""},"categories":[11019,10911,10912,11007,10896],"tags":[5952],"class_list":{"0":"post-94891","1":"post","2":"type-post","3":"status-publish","4":"format-standard","5":"has-post-thumbnail","7":"category-agenda-ca","8":"category-bunol-ca","9":"category-la-hoya-ca","10":"category-ocio-y-cultura-ca","11":"category-seccion-ca","12":"tag-la-hoya-de-bunol-chiva"},"_links":{"self":[{"href":"https:\/\/www.tucomarca.com\/wordpress\/segunda\/ca\/wp-json\/wp\/v2\/posts\/94891","targetHints":{"allow":["GET"]}}],"collection":[{"href":"https:\/\/www.tucomarca.com\/wordpress\/segunda\/ca\/wp-json\/wp\/v2\/posts"}],"about":[{"href":"https:\/\/www.tucomarca.com\/wordpress\/segunda\/ca\/wp-json\/wp\/v2\/types\/post"}],"author":[{"embeddable":true,"href":"https:\/\/www.tucomarca.com\/wordpress\/segunda\/ca\/wp-json\/wp\/v2\/users\/1"}],"replies":[{"embeddable":true,"href":"https:\/\/www.tucomarca.com\/wordpress\/segunda\/ca\/wp-json\/wp\/v2\/comments?post=94891"}],"version-history":[{"count":0,"href":"https:\/\/www.tucomarca.com\/wordpress\/segunda\/ca\/wp-json\/wp\/v2\/posts\/94891\/revisions"}],"wp:featuredmedia":[{"embeddable":true,"href":"https:\/\/www.tucomarca.com\/wordpress\/segunda\/ca\/wp-json\/wp\/v2\/media\/94889"}],"wp:attachment":[{"href":"https:\/\/www.tucomarca.com\/wordpress\/segunda\/ca\/wp-json\/wp\/v2\/media?parent=94891"}],"wp:term":[{"taxonomy":"category","embeddable":true,"href":"https:\/\/www.tucomarca.com\/wordpress\/segunda\/ca\/wp-json\/wp\/v2\/categories?post=94891"},{"taxonomy":"post_tag","embeddable":true,"href":"https:\/\/www.tucomarca.com\/wordpress\/segunda\/ca\/wp-json\/wp\/v2\/tags?post=94891"}],"curies":[{"name":"wp","href":"https:\/\/api.w.org\/{rel}","templated":true}]}}