{"id":94907,"date":"2019-10-29T20:28:44","date_gmt":"2019-10-29T18:28:44","guid":{"rendered":"http:\/\/www.tucomarca.com\/wordpress\/segunda\/?p=94907"},"modified":"2019-10-29T20:31:49","modified_gmt":"2019-10-29T18:31:49","slug":"benaguasil-i-vilamarxant-reclamen-junts-a-la-diputacio-inversions-en-els-seus-municipis","status":"publish","type":"post","link":"https:\/\/www.tucomarca.com\/wordpress\/segunda\/ca\/benaguasil-i-vilamarxant-reclamen-junts-a-la-diputacio-inversions-en-els-seus-municipis\/","title":{"rendered":"Benaguasil i Vilamarxant reclamen junts a la Diputaci\u00f3 inversions en els seus municipis"},"content":{"rendered":"\n<p>&#8220;La reuni\u00f3 mantinguda entre el president de la Diputaci\u00f3 de Val\u00e8ncia, Toni Gaspar, l&#8217;alcalde de Vilamarxant, Hector Troyano, i el regidor de Benaguasil, Stephane Soriano, ha servit per establir les bases de col\u00b7laboraci\u00f3 institucional i unir esfor\u00e7os en benefici de tots dos municipis &#8220;, tal com han informat fonts de l&#8217;Ajuntament de Benaguasil.<\/p>\n\n\n\n<p>En la trobada, que ha tingut lloc aquest dimarts a la seu provincial, &#8220;s&#8217;han plantejat necessitats de Benaguasil i plans d&#8217;inversions que llan\u00e7ar\u00e0 la Diputaci\u00f3 de Val\u00e8ncia al llarg de la legislatura&#8221;, segons les mateixes fonts.<\/p>\n\n\n\n<p>Stephane Soriano ha agra\u00eft la recepci\u00f3 i el tracte del President Toni Gaspar: &#8220;des Benaguasil tenim molt clar que seguirem reclamant totes aquelles ajudes per seguir millorant la qualitat de vida de Benaguasil i de les persones. Ho fem a m\u00e9s amb el nostre alcalde, Ximo Segarra, com a diputat provincial del partit judicial de Ll\u00edria una cosa que hem de posar en valor i aprofitar en benefici del conjunt de la ciutadania del nostre municipi &#8220;.<\/p>\n","protected":false},"excerpt":{"rendered":"<div class=\"mh-excerpt\">&#8220;La reuni\u00f3 mantinguda entre el president de la Diputaci\u00f3 de Val\u00e8ncia, Toni Gaspar, l&#8217;alcalde de Vilamarxant, Hector Troyano, i el regidor de Benaguasil, Stephane Soriano, ha servit per establir les bases de col\u00b7laboraci\u00f3 institucional i <a class=\"mh-excerpt-more\" href=\"https:\/\/www.tucomarca.com\/wordpress\/segunda\/ca\/benaguasil-i-vilamarxant-reclamen-junts-a-la-diputacio-inversions-en-els-seus-municipis\/\" title=\"Benaguasil i Vilamarxant reclamen junts a la Diputaci\u00f3 inversions en els seus municipis\">[+] <\/a><\/div>\n","protected":false},"author":1,"featured_media":94905,"comment_status":"open","ping_status":"open","sticky":false,"template":"","format":"standard","meta":{"footnotes":""},"categories":[10952,10892,10898,10948,10894,10904,10947,10896,10927],"tags":[],"class_list":{"0":"post-94907","1":"post","2":"type-post","3":"status-publish","4":"format-standard","5":"has-post-thumbnail","7":"category-benaguasil-ca","8":"category-camp-de-turia-ca","9":"category-ventana-ca","10":"category-infraestructuras-ca","11":"category-la-comarca-ca","12":"category-sin-categorizar-ca","13":"category-politica","14":"category-seccion-ca","15":"category-vilamarxant-ca"},"_links":{"self":[{"href":"https:\/\/www.tucomarca.com\/wordpress\/segunda\/ca\/wp-json\/wp\/v2\/posts\/94907","targetHints":{"allow":["GET"]}}],"collection":[{"href":"https:\/\/www.tucomarca.com\/wordpress\/segunda\/ca\/wp-json\/wp\/v2\/posts"}],"about":[{"href":"https:\/\/www.tucomarca.com\/wordpress\/segunda\/ca\/wp-json\/wp\/v2\/types\/post"}],"author":[{"embeddable":true,"href":"https:\/\/www.tucomarca.com\/wordpress\/segunda\/ca\/wp-json\/wp\/v2\/users\/1"}],"replies":[{"embeddable":true,"href":"https:\/\/www.tucomarca.com\/wordpress\/segunda\/ca\/wp-json\/wp\/v2\/comments?post=94907"}],"version-history":[{"count":0,"href":"https:\/\/www.tucomarca.com\/wordpress\/segunda\/ca\/wp-json\/wp\/v2\/posts\/94907\/revisions"}],"wp:featuredmedia":[{"embeddable":true,"href":"https:\/\/www.tucomarca.com\/wordpress\/segunda\/ca\/wp-json\/wp\/v2\/media\/94905"}],"wp:attachment":[{"href":"https:\/\/www.tucomarca.com\/wordpress\/segunda\/ca\/wp-json\/wp\/v2\/media?parent=94907"}],"wp:term":[{"taxonomy":"category","embeddable":true,"href":"https:\/\/www.tucomarca.com\/wordpress\/segunda\/ca\/wp-json\/wp\/v2\/categories?post=94907"},{"taxonomy":"post_tag","embeddable":true,"href":"https:\/\/www.tucomarca.com\/wordpress\/segunda\/ca\/wp-json\/wp\/v2\/tags?post=94907"}],"curies":[{"name":"wp","href":"https:\/\/api.w.org\/{rel}","templated":true}]}}