{"id":94938,"date":"2019-10-30T11:22:42","date_gmt":"2019-10-30T09:22:42","guid":{"rendered":"http:\/\/www.tucomarca.com\/wordpress\/segunda\/?p=94938"},"modified":"2019-10-30T11:22:52","modified_gmt":"2019-10-30T09:22:52","slug":"el-cinque-trail-de-bunyol-compta-amb-520-participants-en-les-tres-modalitats","status":"publish","type":"post","link":"https:\/\/www.tucomarca.com\/wordpress\/segunda\/ca\/el-cinque-trail-de-bunyol-compta-amb-520-participants-en-les-tres-modalitats\/","title":{"rendered":"El cinqu\u00e8 Trail de Bunyol compta amb 520 participants en les tres modalitats"},"content":{"rendered":"\n<p>Un any m\u00e9s, i ja s\u00f3n cinc, s&#8217;ha celebrat el Trail de Bunyol que en aquesta cinquena edici\u00f3 ha comptat \u00abamb una participaci\u00f3 extraordin\u00e0ria i fregant el ple absolut: es va completar el Sprint-Trail de 14 km i gaireb\u00e9 es va completar el Trail que \u00e9s de 27 km i la caminada de 10 km va estar pels 80 participants, un total de 520 participants en les tres dist\u00e0ncies que encara coincidint amb la Mitja Marat\u00f3 de Val\u00e8ncia i el Trail de Serra, que tamb\u00e9 t\u00e9 molta import\u00e0ncia en muntanya \u00bb, tal com ha destacat Laguna Mart\u00ednez, el president del Club d&#8217;Atletisme Correores de Bunyol.<br> El guanyador absolut del Trail ha estat, com en anteriors edicions, Jos\u00e9 Luis del Campo Gij\u00f3n, \u00abi el guanyador absolut en Sprint Trail, un corredor del nostre club, el local Jos\u00e9 Carrascosa &#8216;Peluko&#8217;\u00bb, tal com ha ressaltat Laguna Mart\u00ednez.<br>Per la seua banda, les campiones al podi local femen\u00ed van ser: en Trail, Nieves Carrascosa; i en el Sprint-Trail, Gema Cambres.<\/p>\n\n\n\n<p><strong>Els podis locals del<\/strong> <strong>Trail 27k<\/strong><\/p>\n\n\n\n<p><strong>Mascul\u00ed:<\/strong><\/p>\n\n\n\n<p>1\u00ba Miguel Ib\u00e1\u00f1ez<\/p>\n\n\n\n<p>2\u00ba Javier Hurtado<\/p>\n\n\n\n<p>3\u00ba Ernesto Rehu\u00e9s.<\/p>\n\n\n\n<p><strong>Femen\u00ed:<\/strong><\/p>\n\n\n\n<p>1\u00aa Nieves Carrascosa, <\/p>\n\n\n\n<p>2\u00aa y 3\u00aa desierto. <\/p>\n\n\n\n<p><strong>Els podis locals del Sprint-Trail 14k<\/strong><\/p>\n\n\n\n<p><strong>Mascul\u00ed:<\/strong><\/p>\n\n\n\n<p>1\u00ba Jose Carrascosa \u00abPeluko\u00bb<\/p>\n\n\n\n<p>2\u00ba Luis Barbancho<\/p>\n\n\n\n<p>3\u00ba Pablo Roca.<\/p>\n\n\n\n<p><strong>Femen\u00ed:<\/strong><\/p>\n\n\n\n<p>1\u00aa Gema Cambres, <\/p>\n\n\n\n<p>2\u00aa Paula del Valle<\/p>\n\n\n\n<p>3\u00aa Manuela Abel.<\/p>\n\n\n\n<p>\u00abTot i els canvis que hi va haver de fer per la coincid\u00e8ncia d&#8217;aquesta cursa amb el Festival De Parell en Part, els participants han quedat encantats amb el recorregut ja que aquests han fet millorar l&#8217;arribada, en definitiva va ser un dia rod\u00f3\u00bb, en paraules del president del CA Correores.<br> &nbsp;La sortida i l&#8217;arribada de la prova, igual que en edicions anteriors, es va establir en els voltants del parc del Planell de la localitat, que va registrar un gran ambient esportiu.<br> \u00abDes de l&#8217;organitzaci\u00f3 volem donar les gr\u00e0cies per la seva col\u00b7laboraci\u00f3 a l&#8217;Ajuntament de Bunyol, ja que aquesta cursa s&#8217;ha realitzat en col\u00b7laboraci\u00f3 de la regidoria d&#8217;Esports que administra Manuel Sierra, per\u00f2 tamb\u00e9 s&#8217;ha comptat per primera vegada amb la regidoria de Turisme que administra Maria Vall\u00e8s i amb la d&#8217;Ecologia i Medi Ambient, que administra Mati Mas \u00bb.<br>Laguna Mart\u00ednez tamb\u00e9 ha volgut agrair i nom del CA Correores \u00aba l&#8217;alcaldessa, Juncal Carrascosa, i Carmen Marzo, la Reina de la Fira i Festes de Bunyol per lliurar els trofeus\u00bb, ha concl\u00f2s el president.<\/p>\n\n\n\n<ul class=\"wp-block-gallery columns-1 is-cropped wp-block-gallery-1 is-layout-flex wp-block-gallery-is-layout-flex\"><li class=\"blocks-gallery-item\"><figure><img loading=\"lazy\" decoding=\"async\" width=\"1600\" height=\"1200\" src=\"https:\/\/i1.wp.com\/www.tucomarca.com\/wordpress\/segunda\/wp-content\/uploads\/2019\/10\/photo-trail.jpeg?fit=1024%2C768\" alt=\"\" data-id=\"94917\" data-link=\"http:\/\/www.tucomarca.com\/wordpress\/segunda\/?attachment_id=94917\" class=\"wp-image-94917\" srcset=\"https:\/\/www.tucomarca.com\/wordpress\/segunda\/wp-content\/uploads\/2019\/10\/photo-trail.jpeg 1600w, https:\/\/www.tucomarca.com\/wordpress\/segunda\/wp-content\/uploads\/2019\/10\/photo-trail-300x225.jpeg 300w, https:\/\/www.tucomarca.com\/wordpress\/segunda\/wp-content\/uploads\/2019\/10\/photo-trail-768x576.jpeg 768w, https:\/\/www.tucomarca.com\/wordpress\/segunda\/wp-content\/uploads\/2019\/10\/photo-trail-1024x768.jpeg 1024w, https:\/\/www.tucomarca.com\/wordpress\/segunda\/wp-content\/uploads\/2019\/10\/photo-trail-678x509.jpeg 678w, https:\/\/www.tucomarca.com\/wordpress\/segunda\/wp-content\/uploads\/2019\/10\/photo-trail-326x245.jpeg 326w, https:\/\/www.tucomarca.com\/wordpress\/segunda\/wp-content\/uploads\/2019\/10\/photo-trail-80x60.jpeg 80w\" sizes=\"auto, (max-width: 1600px) 100vw, 1600px\" \/><\/figure><\/li><li class=\"blocks-gallery-item\"><figure><img loading=\"lazy\" decoding=\"async\" width=\"1444\" height=\"954\" src=\"https:\/\/i2.wp.com\/www.tucomarca.com\/wordpress\/segunda\/wp-content\/uploads\/2019\/10\/PHOTO-2019-10-29-16-07-07-2.jpeg?fit=1024%2C677\" alt=\"\" data-id=\"94919\" data-link=\"http:\/\/www.tucomarca.com\/wordpress\/segunda\/?attachment_id=94919\" class=\"wp-image-94919\" srcset=\"https:\/\/www.tucomarca.com\/wordpress\/segunda\/wp-content\/uploads\/2019\/10\/PHOTO-2019-10-29-16-07-07-2.jpeg 1444w, https:\/\/www.tucomarca.com\/wordpress\/segunda\/wp-content\/uploads\/2019\/10\/PHOTO-2019-10-29-16-07-07-2-300x198.jpeg 300w, https:\/\/www.tucomarca.com\/wordpress\/segunda\/wp-content\/uploads\/2019\/10\/PHOTO-2019-10-29-16-07-07-2-768x507.jpeg 768w, https:\/\/www.tucomarca.com\/wordpress\/segunda\/wp-content\/uploads\/2019\/10\/PHOTO-2019-10-29-16-07-07-2-1024x677.jpeg 1024w\" sizes=\"auto, (max-width: 1444px) 100vw, 1444px\" \/><\/figure><\/li><li class=\"blocks-gallery-item\"><figure><img loading=\"lazy\" decoding=\"async\" width=\"918\" height=\"1441\" src=\"https:\/\/i0.wp.com\/www.tucomarca.com\/wordpress\/segunda\/wp-content\/uploads\/2019\/10\/PHOTO-2019-10-29-16-07-07.jpeg?fit=652%2C1024\" alt=\"\" data-id=\"94921\" data-link=\"http:\/\/www.tucomarca.com\/wordpress\/segunda\/?attachment_id=94921\" class=\"wp-image-94921\" srcset=\"https:\/\/www.tucomarca.com\/wordpress\/segunda\/wp-content\/uploads\/2019\/10\/PHOTO-2019-10-29-16-07-07.jpeg 918w, https:\/\/www.tucomarca.com\/wordpress\/segunda\/wp-content\/uploads\/2019\/10\/PHOTO-2019-10-29-16-07-07-191x300.jpeg 191w, https:\/\/www.tucomarca.com\/wordpress\/segunda\/wp-content\/uploads\/2019\/10\/PHOTO-2019-10-29-16-07-07-768x1206.jpeg 768w, https:\/\/www.tucomarca.com\/wordpress\/segunda\/wp-content\/uploads\/2019\/10\/PHOTO-2019-10-29-16-07-07-652x1024.jpeg 652w\" sizes=\"auto, (max-width: 918px) 100vw, 918px\" \/><\/figure><\/li><li class=\"blocks-gallery-item\"><figure><img loading=\"lazy\" decoding=\"async\" width=\"1080\" height=\"720\" src=\"https:\/\/i2.wp.com\/www.tucomarca.com\/wordpress\/segunda\/wp-content\/uploads\/2019\/10\/PHOTO-2019-10-29-16-07-22.jpeg?fit=1024%2C683\" alt=\"\" data-id=\"94923\" data-link=\"http:\/\/www.tucomarca.com\/wordpress\/segunda\/?attachment_id=94923\" class=\"wp-image-94923\" srcset=\"https:\/\/www.tucomarca.com\/wordpress\/segunda\/wp-content\/uploads\/2019\/10\/PHOTO-2019-10-29-16-07-22.jpeg 1080w, https:\/\/www.tucomarca.com\/wordpress\/segunda\/wp-content\/uploads\/2019\/10\/PHOTO-2019-10-29-16-07-22-300x200.jpeg 300w, https:\/\/www.tucomarca.com\/wordpress\/segunda\/wp-content\/uploads\/2019\/10\/PHOTO-2019-10-29-16-07-22-768x512.jpeg 768w, https:\/\/www.tucomarca.com\/wordpress\/segunda\/wp-content\/uploads\/2019\/10\/PHOTO-2019-10-29-16-07-22-1024x683.jpeg 1024w\" sizes=\"auto, (max-width: 1080px) 100vw, 1080px\" \/><\/figure><\/li><li class=\"blocks-gallery-item\"><figure><img loading=\"lazy\" decoding=\"async\" width=\"960\" height=\"720\" src=\"http:\/\/www.tucomarca.com\/wordpress\/segunda\/wp-content\/uploads\/2019\/10\/PHOTO-2019-10-29-16-07-23-3.jpeg\" alt=\"\" data-id=\"94927\" data-link=\"http:\/\/www.tucomarca.com\/wordpress\/segunda\/?attachment_id=94927\" class=\"wp-image-94927\" srcset=\"https:\/\/www.tucomarca.com\/wordpress\/segunda\/wp-content\/uploads\/2019\/10\/PHOTO-2019-10-29-16-07-23-3.jpeg 960w, https:\/\/www.tucomarca.com\/wordpress\/segunda\/wp-content\/uploads\/2019\/10\/PHOTO-2019-10-29-16-07-23-3-300x225.jpeg 300w, https:\/\/www.tucomarca.com\/wordpress\/segunda\/wp-content\/uploads\/2019\/10\/PHOTO-2019-10-29-16-07-23-3-768x576.jpeg 768w, https:\/\/www.tucomarca.com\/wordpress\/segunda\/wp-content\/uploads\/2019\/10\/PHOTO-2019-10-29-16-07-23-3-678x509.jpeg 678w, https:\/\/www.tucomarca.com\/wordpress\/segunda\/wp-content\/uploads\/2019\/10\/PHOTO-2019-10-29-16-07-23-3-326x245.jpeg 326w, https:\/\/www.tucomarca.com\/wordpress\/segunda\/wp-content\/uploads\/2019\/10\/PHOTO-2019-10-29-16-07-23-3-80x60.jpeg 80w\" sizes=\"auto, (max-width: 960px) 100vw, 960px\" \/><\/figure><\/li><li class=\"blocks-gallery-item\"><figure><img loading=\"lazy\" decoding=\"async\" width=\"1080\" height=\"1080\" src=\"https:\/\/i1.wp.com\/www.tucomarca.com\/wordpress\/segunda\/wp-content\/uploads\/2019\/10\/PHOTO-2019-10-29-16-07-23.jpeg?fit=1024%2C1024\" alt=\"\" data-id=\"94929\" data-link=\"http:\/\/www.tucomarca.com\/wordpress\/segunda\/?attachment_id=94929\" class=\"wp-image-94929\" srcset=\"https:\/\/www.tucomarca.com\/wordpress\/segunda\/wp-content\/uploads\/2019\/10\/PHOTO-2019-10-29-16-07-23.jpeg 1080w, https:\/\/www.tucomarca.com\/wordpress\/segunda\/wp-content\/uploads\/2019\/10\/PHOTO-2019-10-29-16-07-23-290x290.jpeg 290w, https:\/\/www.tucomarca.com\/wordpress\/segunda\/wp-content\/uploads\/2019\/10\/PHOTO-2019-10-29-16-07-23-300x300.jpeg 300w, https:\/\/www.tucomarca.com\/wordpress\/segunda\/wp-content\/uploads\/2019\/10\/PHOTO-2019-10-29-16-07-23-768x768.jpeg 768w, https:\/\/www.tucomarca.com\/wordpress\/segunda\/wp-content\/uploads\/2019\/10\/PHOTO-2019-10-29-16-07-23-1024x1024.jpeg 1024w\" sizes=\"auto, (max-width: 1080px) 100vw, 1080px\" \/><\/figure><\/li><li class=\"blocks-gallery-item\"><figure><img loading=\"lazy\" decoding=\"async\" width=\"960\" height=\"720\" src=\"http:\/\/www.tucomarca.com\/wordpress\/segunda\/wp-content\/uploads\/2019\/10\/PHOTO-2019-10-29-16-08-40-2.jpeg\" alt=\"\" data-id=\"94931\" data-link=\"http:\/\/www.tucomarca.com\/wordpress\/segunda\/?attachment_id=94931\" class=\"wp-image-94931\" srcset=\"https:\/\/www.tucomarca.com\/wordpress\/segunda\/wp-content\/uploads\/2019\/10\/PHOTO-2019-10-29-16-08-40-2.jpeg 960w, https:\/\/www.tucomarca.com\/wordpress\/segunda\/wp-content\/uploads\/2019\/10\/PHOTO-2019-10-29-16-08-40-2-300x225.jpeg 300w, https:\/\/www.tucomarca.com\/wordpress\/segunda\/wp-content\/uploads\/2019\/10\/PHOTO-2019-10-29-16-08-40-2-768x576.jpeg 768w, https:\/\/www.tucomarca.com\/wordpress\/segunda\/wp-content\/uploads\/2019\/10\/PHOTO-2019-10-29-16-08-40-2-678x509.jpeg 678w, https:\/\/www.tucomarca.com\/wordpress\/segunda\/wp-content\/uploads\/2019\/10\/PHOTO-2019-10-29-16-08-40-2-326x245.jpeg 326w, https:\/\/www.tucomarca.com\/wordpress\/segunda\/wp-content\/uploads\/2019\/10\/PHOTO-2019-10-29-16-08-40-2-80x60.jpeg 80w\" sizes=\"auto, (max-width: 960px) 100vw, 960px\" \/><\/figure><\/li><li class=\"blocks-gallery-item\"><figure><img loading=\"lazy\" decoding=\"async\" width=\"1080\" height=\"1080\" src=\"https:\/\/i0.wp.com\/www.tucomarca.com\/wordpress\/segunda\/wp-content\/uploads\/2019\/10\/PHOTO-2019-10-29-16-08-40.jpeg?fit=1024%2C1024\" alt=\"\" data-id=\"94933\" data-link=\"http:\/\/www.tucomarca.com\/wordpress\/segunda\/?attachment_id=94933\" class=\"wp-image-94933\" srcset=\"https:\/\/www.tucomarca.com\/wordpress\/segunda\/wp-content\/uploads\/2019\/10\/PHOTO-2019-10-29-16-08-40.jpeg 1080w, https:\/\/www.tucomarca.com\/wordpress\/segunda\/wp-content\/uploads\/2019\/10\/PHOTO-2019-10-29-16-08-40-290x290.jpeg 290w, https:\/\/www.tucomarca.com\/wordpress\/segunda\/wp-content\/uploads\/2019\/10\/PHOTO-2019-10-29-16-08-40-300x300.jpeg 300w, https:\/\/www.tucomarca.com\/wordpress\/segunda\/wp-content\/uploads\/2019\/10\/PHOTO-2019-10-29-16-08-40-768x768.jpeg 768w, https:\/\/www.tucomarca.com\/wordpress\/segunda\/wp-content\/uploads\/2019\/10\/PHOTO-2019-10-29-16-08-40-1024x1024.jpeg 1024w\" sizes=\"auto, (max-width: 1080px) 100vw, 1080px\" \/><\/figure><\/li><li class=\"blocks-gallery-item\"><figure><img loading=\"lazy\" decoding=\"async\" width=\"640\" height=\"674\" src=\"http:\/\/www.tucomarca.com\/wordpress\/segunda\/wp-content\/uploads\/2019\/10\/peluko-1.jpg\" alt=\"\" data-id=\"94935\" data-link=\"http:\/\/www.tucomarca.com\/wordpress\/segunda\/?attachment_id=94935\" class=\"wp-image-94935\" srcset=\"https:\/\/www.tucomarca.com\/wordpress\/segunda\/wp-content\/uploads\/2019\/10\/peluko-1.jpg 640w, https:\/\/www.tucomarca.com\/wordpress\/segunda\/wp-content\/uploads\/2019\/10\/peluko-1-285x300.jpg 285w\" sizes=\"auto, (max-width: 640px) 100vw, 640px\" \/><\/figure><\/li><\/ul>\n","protected":false},"excerpt":{"rendered":"<div class=\"mh-excerpt\">Un any m\u00e9s, i ja s\u00f3n cinc, s&#8217;ha celebrat el Trail de Bunyol que en aquesta cinquena edici\u00f3 ha comptat \u00abamb una participaci\u00f3 extraordin\u00e0ria i fregant el ple absolut: es va completar el Sprint-Trail de <a class=\"mh-excerpt-more\" href=\"https:\/\/www.tucomarca.com\/wordpress\/segunda\/ca\/el-cinque-trail-de-bunyol-compta-amb-520-participants-en-les-tres-modalitats\/\" title=\"El cinqu\u00e8 Trail de Bunyol compta amb 520 participants en les tres modalitats\">[+] <\/a><\/div>\n","protected":false},"author":12,"featured_media":94915,"comment_status":"open","ping_status":"open","sticky":false,"template":"","format":"standard","meta":{"footnotes":""},"categories":[11018,10911,11003,10912,11004,10896],"tags":[11882,11883],"class_list":{"0":"post-94938","1":"post","2":"type-post","3":"status-publish","4":"format-standard","5":"has-post-thumbnail","7":"category-atletisme","8":"category-bunol-ca","9":"category-sports","10":"category-la-hoya-ca","11":"category-la-semana-en-imagenes-ca","12":"category-seccion-ca","13":"tag-trail-bunol","14":"tag-trail-bunol-ca"},"_links":{"self":[{"href":"https:\/\/www.tucomarca.com\/wordpress\/segunda\/ca\/wp-json\/wp\/v2\/posts\/94938","targetHints":{"allow":["GET"]}}],"collection":[{"href":"https:\/\/www.tucomarca.com\/wordpress\/segunda\/ca\/wp-json\/wp\/v2\/posts"}],"about":[{"href":"https:\/\/www.tucomarca.com\/wordpress\/segunda\/ca\/wp-json\/wp\/v2\/types\/post"}],"author":[{"embeddable":true,"href":"https:\/\/www.tucomarca.com\/wordpress\/segunda\/ca\/wp-json\/wp\/v2\/users\/12"}],"replies":[{"embeddable":true,"href":"https:\/\/www.tucomarca.com\/wordpress\/segunda\/ca\/wp-json\/wp\/v2\/comments?post=94938"}],"version-history":[{"count":0,"href":"https:\/\/www.tucomarca.com\/wordpress\/segunda\/ca\/wp-json\/wp\/v2\/posts\/94938\/revisions"}],"wp:featuredmedia":[{"embeddable":true,"href":"https:\/\/www.tucomarca.com\/wordpress\/segunda\/ca\/wp-json\/wp\/v2\/media\/94915"}],"wp:attachment":[{"href":"https:\/\/www.tucomarca.com\/wordpress\/segunda\/ca\/wp-json\/wp\/v2\/media?parent=94938"}],"wp:term":[{"taxonomy":"category","embeddable":true,"href":"https:\/\/www.tucomarca.com\/wordpress\/segunda\/ca\/wp-json\/wp\/v2\/categories?post=94938"},{"taxonomy":"post_tag","embeddable":true,"href":"https:\/\/www.tucomarca.com\/wordpress\/segunda\/ca\/wp-json\/wp\/v2\/tags?post=94938"}],"curies":[{"name":"wp","href":"https:\/\/api.w.org\/{rel}","templated":true}]}}