{"id":94974,"date":"2019-10-30T20:07:18","date_gmt":"2019-10-30T18:07:18","guid":{"rendered":"http:\/\/www.tucomarca.com\/wordpress\/segunda\/?p=94974"},"modified":"2019-10-30T20:07:26","modified_gmt":"2019-10-30T18:07:26","slug":"la-mancomunitat-dalcantera-de-xuquer-carcer-cotes-i-sellent-es-reunix-amb-els-responsables-de-la-diputacio","status":"publish","type":"post","link":"https:\/\/www.tucomarca.com\/wordpress\/segunda\/ca\/la-mancomunitat-dalcantera-de-xuquer-carcer-cotes-i-sellent-es-reunix-amb-els-responsables-de-la-diputacio\/","title":{"rendered":"La Mancomunitat d\u2019Alc\u00e0ntera de X\u00faquer, C\u00e0rcer, Cotes i Sellent es reunix amb els responsables de la Diputaci\u00f3"},"content":{"rendered":"\n<p>El president de la Diputaci\u00f3, Toni Gaspar, i la diputada d&#8217;Inclusi\u00f3 Social, Empar Folgado, s&#8217;han reunit este dimarts amb responsables de la Mancomunitat Intermunicipal d\u2019Alc\u00e0ntera de X\u00faquer, C\u00e0rcer, Cotes i Sellent, amb els quals han abordat el marc de la nova llei de Serveis Socials Inclusius.<\/p>\n\n\n\n<p>La corporaci\u00f3 mant\u00e9 d&#8217;esta forma el seu comprom\u00eds amb els municipis, especialment els m\u00e9s xicotets, en la seua pol\u00edtica d&#8217;assessorament i ajuda per a garantir els millors serveis als seus habitants. Per part de la Mancomunitat han participat en la reuni\u00f3 els alcaldes d&#8217;Alc\u00e0ntera de X\u00faquer i C\u00e0rcer, Julio Garc\u00eda i Josep Botella, i l&#8217;alcaldessa de Sellent, Raquel Sancho.&nbsp;<\/p>\n","protected":false},"excerpt":{"rendered":"<div class=\"mh-excerpt\">El president de la Diputaci\u00f3, Toni Gaspar, i la diputada d&#8217;Inclusi\u00f3 Social, Empar Folgado, s&#8217;han reunit este dimarts amb responsables de la Mancomunitat Intermunicipal d\u2019Alc\u00e0ntera de X\u00faquer, C\u00e0rcer, Cotes i Sellent, amb els quals han <a class=\"mh-excerpt-more\" href=\"https:\/\/www.tucomarca.com\/wordpress\/segunda\/ca\/la-mancomunitat-dalcantera-de-xuquer-carcer-cotes-i-sellent-es-reunix-amb-els-responsables-de-la-diputacio\/\" title=\"La Mancomunitat d\u2019Alc\u00e0ntera de X\u00faquer, C\u00e0rcer, Cotes i Sellent es reunix amb els responsables de la Diputaci\u00f3\">[+] <\/a><\/div>\n","protected":false},"author":1,"featured_media":94972,"comment_status":"open","ping_status":"open","sticky":false,"template":"","format":"standard","meta":{"footnotes":""},"categories":[11053,10992,10898,10948,10894,10904,10902,10947,10896,11050],"tags":[3677,11246,11885,11887],"class_list":{"0":"post-94974","1":"post","2":"type-post","3":"status-publish","4":"format-standard","5":"has-post-thumbnail","7":"category-carcer-ca","8":"category-cotes-ca","9":"category-ventana-ca","10":"category-infraestructuras-ca","11":"category-la-comarca-ca","12":"category-sin-categorizar-ca","13":"category-la-ribera-ca","14":"category-politica","15":"category-seccion-ca","16":"category-sellent-ca","17":"tag-diputacio-de-valencia","18":"tag-diputacio-de-valencia-ca","19":"tag-mancomunitat-dalcantera-de-xuquer","20":"tag-mancomunitat-dalcantera-de-xuquer-ca"},"_links":{"self":[{"href":"https:\/\/www.tucomarca.com\/wordpress\/segunda\/ca\/wp-json\/wp\/v2\/posts\/94974","targetHints":{"allow":["GET"]}}],"collection":[{"href":"https:\/\/www.tucomarca.com\/wordpress\/segunda\/ca\/wp-json\/wp\/v2\/posts"}],"about":[{"href":"https:\/\/www.tucomarca.com\/wordpress\/segunda\/ca\/wp-json\/wp\/v2\/types\/post"}],"author":[{"embeddable":true,"href":"https:\/\/www.tucomarca.com\/wordpress\/segunda\/ca\/wp-json\/wp\/v2\/users\/1"}],"replies":[{"embeddable":true,"href":"https:\/\/www.tucomarca.com\/wordpress\/segunda\/ca\/wp-json\/wp\/v2\/comments?post=94974"}],"version-history":[{"count":0,"href":"https:\/\/www.tucomarca.com\/wordpress\/segunda\/ca\/wp-json\/wp\/v2\/posts\/94974\/revisions"}],"wp:featuredmedia":[{"embeddable":true,"href":"https:\/\/www.tucomarca.com\/wordpress\/segunda\/ca\/wp-json\/wp\/v2\/media\/94972"}],"wp:attachment":[{"href":"https:\/\/www.tucomarca.com\/wordpress\/segunda\/ca\/wp-json\/wp\/v2\/media?parent=94974"}],"wp:term":[{"taxonomy":"category","embeddable":true,"href":"https:\/\/www.tucomarca.com\/wordpress\/segunda\/ca\/wp-json\/wp\/v2\/categories?post=94974"},{"taxonomy":"post_tag","embeddable":true,"href":"https:\/\/www.tucomarca.com\/wordpress\/segunda\/ca\/wp-json\/wp\/v2\/tags?post=94974"}],"curies":[{"name":"wp","href":"https:\/\/api.w.org\/{rel}","templated":true}]}}