{"id":94993,"date":"2019-10-30T20:39:02","date_gmt":"2019-10-30T18:39:02","guid":{"rendered":"http:\/\/www.tucomarca.com\/wordpress\/segunda\/?p=94993"},"modified":"2019-10-30T20:41:21","modified_gmt":"2019-10-30T18:41:21","slug":"el-jove-pilot-bunolense-vicent-galarza-saferma-en-la-cinquena-placa-a-llanes","status":"publish","type":"post","link":"https:\/\/www.tucomarca.com\/wordpress\/segunda\/ca\/el-jove-pilot-bunolense-vicent-galarza-saferma-en-la-cinquena-placa-a-llanes\/","title":{"rendered":"El jove pilot bunyolense Vicente Galarza s&#8217;aferma en la cinquena pla\u00e7a a Llanes"},"content":{"rendered":"\n<p>El passat cap de setmana es va celebrar l&#8217;\u00faltima prova de la Copa d&#8217;Espanya d&#8217;Enduro Infantil a la ciutat de Llanes (Ast\u00faries).<\/p>\n\n\n\n<p>Despr\u00e9s de les tremendes pluges caigudes durant la setmana es van trobar un circuit completament enfangat, molt complicat per a aquests petits pilots que amb les seves m\u00e0quines de 65 cc tenien molt complicat el poder c\u00f3rrer com normalment ho fan.<\/p>\n\n\n\n<p>Per\u00f2 el diumenge era la carrera i el pilot bunyolense Vicente Galarza Agustina \u00abVin 34\u00bb sortia a agafar els m\u00e0xims punts per aconseguir superar aquesta cinquena pla\u00e7a que tenia a la provisional abans d&#8217;aquesta dura prova. I despr\u00e9s de barallar amb els tres primers va finalitzar en cinquena posici\u00f3 i pel que, encara que va ser sancionat amb dos posicions, va agafar els suficients punts per acabar en la cinquena posici\u00f3 final.<\/p>\n\n\n\n<p>Molt bona, ja que el quart nom\u00e9s li va treure un punt i el tercer nom\u00e9s sis punts de manera que el campionat ha estat molt disputat i els pilots han estat lluitant fins al final. Informa, Elio Zan\u00f3n.<\/p>\n","protected":false},"excerpt":{"rendered":"<div class=\"mh-excerpt\">El passat cap de setmana es va celebrar l&#8217;\u00faltima prova de la Copa d&#8217;Espanya d&#8217;Enduro Infantil a la ciutat de Llanes (Ast\u00faries). Despr\u00e9s de les tremendes pluges caigudes durant la setmana es van trobar un <a class=\"mh-excerpt-more\" href=\"https:\/\/www.tucomarca.com\/wordpress\/segunda\/ca\/el-jove-pilot-bunolense-vicent-galarza-saferma-en-la-cinquena-placa-a-llanes\/\" title=\"El jove pilot bunyolense Vicente Galarza s&#8217;aferma en la cinquena pla\u00e7a a Llanes\">[+] <\/a><\/div>\n","protected":false},"author":1,"featured_media":94991,"comment_status":"open","ping_status":"open","sticky":false,"template":"","format":"standard","meta":{"footnotes":""},"categories":[10911,11003,10912,11011,10896],"tags":[10661,10407],"class_list":{"0":"post-94993","1":"post","2":"type-post","3":"status-publish","4":"format-standard","5":"has-post-thumbnail","7":"category-bunol-ca","8":"category-sports","9":"category-la-hoya-ca","10":"category-motociclismo-ca","11":"category-seccion-ca","12":"tag-esports","13":"tag-motociclismo"},"_links":{"self":[{"href":"https:\/\/www.tucomarca.com\/wordpress\/segunda\/ca\/wp-json\/wp\/v2\/posts\/94993","targetHints":{"allow":["GET"]}}],"collection":[{"href":"https:\/\/www.tucomarca.com\/wordpress\/segunda\/ca\/wp-json\/wp\/v2\/posts"}],"about":[{"href":"https:\/\/www.tucomarca.com\/wordpress\/segunda\/ca\/wp-json\/wp\/v2\/types\/post"}],"author":[{"embeddable":true,"href":"https:\/\/www.tucomarca.com\/wordpress\/segunda\/ca\/wp-json\/wp\/v2\/users\/1"}],"replies":[{"embeddable":true,"href":"https:\/\/www.tucomarca.com\/wordpress\/segunda\/ca\/wp-json\/wp\/v2\/comments?post=94993"}],"version-history":[{"count":0,"href":"https:\/\/www.tucomarca.com\/wordpress\/segunda\/ca\/wp-json\/wp\/v2\/posts\/94993\/revisions"}],"wp:featuredmedia":[{"embeddable":true,"href":"https:\/\/www.tucomarca.com\/wordpress\/segunda\/ca\/wp-json\/wp\/v2\/media\/94991"}],"wp:attachment":[{"href":"https:\/\/www.tucomarca.com\/wordpress\/segunda\/ca\/wp-json\/wp\/v2\/media?parent=94993"}],"wp:term":[{"taxonomy":"category","embeddable":true,"href":"https:\/\/www.tucomarca.com\/wordpress\/segunda\/ca\/wp-json\/wp\/v2\/categories?post=94993"},{"taxonomy":"post_tag","embeddable":true,"href":"https:\/\/www.tucomarca.com\/wordpress\/segunda\/ca\/wp-json\/wp\/v2\/tags?post=94993"}],"curies":[{"name":"wp","href":"https:\/\/api.w.org\/{rel}","templated":true}]}}