{"id":95108,"date":"2019-10-31T00:23:10","date_gmt":"2019-10-30T22:23:10","guid":{"rendered":"http:\/\/www.tucomarca.com\/wordpress\/segunda\/?p=95108"},"modified":"2019-10-31T00:23:18","modified_gmt":"2019-10-30T22:23:18","slug":"el-cd-bunyol-reforca-la-seua-davantera-amb-el-fitxatge-de-koeman-un-jugador-amb-amplia-experiencia-a-tercera-divisio","status":"publish","type":"post","link":"https:\/\/www.tucomarca.com\/wordpress\/segunda\/ca\/el-cd-bunyol-reforca-la-seua-davantera-amb-el-fitxatge-de-koeman-un-jugador-amb-amplia-experiencia-a-tercera-divisio\/","title":{"rendered":"El CD Bunyol refor\u00e7a la seua davantera amb el fitxatge de Koeman, un jugador amb \u00e0mplia experi\u00e8ncia a Tercera Divisi\u00f3"},"content":{"rendered":"\n<p>El CD Bunyol s&#8217;ha refor\u00e7at amb el fitxatge Koeman, \u00abun davanter \u00e0gil i r\u00e0pid que compta amb una ampl\u00edssima experi\u00e8ncia a Tercera Divisi\u00f3\u00bb, segons han informat fonts del club blanc.<\/p>\n\n\n\n<p>Alberto Fern\u00e1ndez Garc\u00eda (9 de juny de 1987, Torre-Pacheco, M\u00farcia), esportivament conegut com Koeman, arriba al CD Bunyol procedent de l&#8217;Alginet, equip en qu\u00e8 ha militat diverses temporades en dues etapes diferents i amb el qual va ser pitxitxi del Grup III de Preferent fa dues temporades.<\/p>\n\n\n\n<p>Koeman ha desenvolupat pr\u00e0cticament tota la seva carrera esportiva a Tercera Divisi\u00f3, havent militat en conjunts com Cartagena, Novelda, Torrevella, Benig\u00e0nim, Recanvis Colom, Catarroja, D\u00e9nia o Hell\u00edn Esportiu entre d&#8217;altres.<\/p>\n\n\n\n<p>\u00abEs tracta d&#8217;un davanter \u00e0gil, r\u00e0pid i amb una gran verticalitat, a m\u00e9s de comptar amb un gran olfacte golejador. Estem segurs que ser\u00e0 un complement perfecte per al ja potent atac del nostre equip \u00bb, han finalitzat des del club.<\/p>\n","protected":false},"excerpt":{"rendered":"<div class=\"mh-excerpt\">El CD Bunyol s&#8217;ha refor\u00e7at amb el fitxatge Koeman, \u00abun davanter \u00e0gil i r\u00e0pid que compta amb una ampl\u00edssima experi\u00e8ncia a Tercera Divisi\u00f3\u00bb, segons han informat fonts del club blanc. Alberto Fern\u00e1ndez Garc\u00eda (9 de <a class=\"mh-excerpt-more\" href=\"https:\/\/www.tucomarca.com\/wordpress\/segunda\/ca\/el-cd-bunyol-reforca-la-seua-davantera-amb-el-fitxatge-de-koeman-un-jugador-amb-amplia-experiencia-a-tercera-divisio\/\" title=\"El CD Bunyol refor\u00e7a la seua davantera amb el fitxatge de Koeman, un jugador amb \u00e0mplia experi\u00e8ncia a Tercera Divisi\u00f3\">[+] <\/a><\/div>\n","protected":false},"author":1,"featured_media":95105,"comment_status":"open","ping_status":"open","sticky":false,"template":"","format":"standard","meta":{"footnotes":""},"categories":[10911,11015,11003,10912,10896],"tags":[10379,11074,10661,11264],"class_list":{"0":"post-95108","1":"post","2":"type-post","3":"status-publish","4":"format-standard","5":"has-post-thumbnail","7":"category-bunol-ca","8":"category-canal-futbol","9":"category-sports","10":"category-la-hoya-ca","11":"category-seccion-ca","12":"tag-deportes","13":"tag-deportes-ca","14":"tag-esports","15":"tag-esports-ca"},"_links":{"self":[{"href":"https:\/\/www.tucomarca.com\/wordpress\/segunda\/ca\/wp-json\/wp\/v2\/posts\/95108","targetHints":{"allow":["GET"]}}],"collection":[{"href":"https:\/\/www.tucomarca.com\/wordpress\/segunda\/ca\/wp-json\/wp\/v2\/posts"}],"about":[{"href":"https:\/\/www.tucomarca.com\/wordpress\/segunda\/ca\/wp-json\/wp\/v2\/types\/post"}],"author":[{"embeddable":true,"href":"https:\/\/www.tucomarca.com\/wordpress\/segunda\/ca\/wp-json\/wp\/v2\/users\/1"}],"replies":[{"embeddable":true,"href":"https:\/\/www.tucomarca.com\/wordpress\/segunda\/ca\/wp-json\/wp\/v2\/comments?post=95108"}],"version-history":[{"count":0,"href":"https:\/\/www.tucomarca.com\/wordpress\/segunda\/ca\/wp-json\/wp\/v2\/posts\/95108\/revisions"}],"wp:featuredmedia":[{"embeddable":true,"href":"https:\/\/www.tucomarca.com\/wordpress\/segunda\/ca\/wp-json\/wp\/v2\/media\/95105"}],"wp:attachment":[{"href":"https:\/\/www.tucomarca.com\/wordpress\/segunda\/ca\/wp-json\/wp\/v2\/media?parent=95108"}],"wp:term":[{"taxonomy":"category","embeddable":true,"href":"https:\/\/www.tucomarca.com\/wordpress\/segunda\/ca\/wp-json\/wp\/v2\/categories?post=95108"},{"taxonomy":"post_tag","embeddable":true,"href":"https:\/\/www.tucomarca.com\/wordpress\/segunda\/ca\/wp-json\/wp\/v2\/tags?post=95108"}],"curies":[{"name":"wp","href":"https:\/\/api.w.org\/{rel}","templated":true}]}}