{"id":95163,"date":"2019-11-01T12:43:20","date_gmt":"2019-11-01T10:43:20","guid":{"rendered":"http:\/\/www.tucomarca.com\/wordpress\/segunda\/?p=95163"},"modified":"2019-11-01T12:43:29","modified_gmt":"2019-11-01T10:43:29","slug":"la-unio-de-godelleta-i-santa-cecilia-de-iatova-al-costat-daltres-nou-bandes-valencianes-participen-en-el-41-certamen-de-la-comunitat","status":"publish","type":"post","link":"https:\/\/www.tucomarca.com\/wordpress\/segunda\/ca\/la-unio-de-godelleta-i-santa-cecilia-de-iatova-al-costat-daltres-nou-bandes-valencianes-participen-en-el-41-certamen-de-la-comunitat\/","title":{"rendered":"La Uni\u00f3 de Godelleta i \u00abSanta Cec\u00edlia\u00bb de I\u00e0tova, al costat d&#8217;altres nou bandes valencianes, participen en el 41 Certamen de la Comunitat"},"content":{"rendered":"\n<p>El Certamen de Bandas de M\u00fasica de la Comunitat Valenciana es la final auton\u00f3mica en la que confluyen las bandas ganadoras de los cert\u00e1menes provinciales organizados por las diputaciones y est\u00e1 impulsado por el Institut Valenci\u00e0 de Cultura, con la colaboraci\u00f3n de la Federaci\u00f3n de Sociedades Musicales de la Comunitat Valenciana y el Palau de les Arts.<\/p>\n\n\n\n<p>L&#8217;Institut Valenci\u00e0 de Cultura presenta el programa complet del 41 Certamen de Bandes de M\u00fasica de la Comunitat Valenciana, una cita anual consolidada que en aquesta ocasi\u00f3 t\u00e9 lloc els dies 2 i 3 de novembre a l&#8217;Auditori del Palau de les Arts, a Val\u00e8ncia.<\/p>\n\n\n\n<p>En aquesta 41 edici\u00f3, s\u00f3n 11 les bandes participants en el certamen, dividides en 4 seccions diferents, segons el nombre de components. En la jornada del dissabte 2 de novembre, les bandes integrants de les seccions quarta i tercera seran les encarregades d&#8217;interpretar els seus repertoris.<\/p>\n\n\n\n<p>En la quarta secci\u00f3, que obrir\u00e0 el mat\u00ed de dissabte a les 10.30 hores i que t\u00e9 com a obra obligada &#8216;Atenea&#8217;, de Josep Ros Garcia, participaran la Uni\u00f3 Musical d&#8217;Alg\u00edmia d&#8217;Alfara, la Uni\u00f3 Musical i Cultural d&#8217;Altura i l&#8217;Associaci\u00f3 cultural &#8216;Amics de la M\u00fasica i Dansa d&#8217;Oriola&#8217;.<\/p>\n\n\n\n<p>A la tercera secci\u00f3, a partir de les 16.30 hores, l&#8217;obra obligada \u00e9s &#8216;Cerulian Overture&#8217;, de Juliol Diumenge Escamilla, i hi participaran la Banda Jove de la Uni\u00f3 Musical de Godelleta, la Uni\u00f3 Musical Vallduxense de la Vall d&#8217;Uix\u00f3 i la Uni\u00f3 Musical de Dolores.<\/p>\n\n\n\n<p>Diumenge dia 3 de novembre ser\u00e0 el torn de les bandes que componen la segona i primera secci\u00f3. A la segona secci\u00f3, que actuar\u00e0 a partir de les 10.30 hores, l&#8217;obra obligada \u00e9s &#8216;ORorDEdeSAsa&#8217;, d&#8217;Andr\u00e9s Valero, i les bandes participants s\u00f3n el Centre Instructiu Musical &#8216;Santa Cec\u00edlia&#8217; de Y\u00e1tova, la Uni\u00f3 Musical de Redov\u00e1n i la Uni\u00f3 musical de Soneja.<\/p>\n\n\n\n<p>Quant a la primera secci\u00f3, que conclour\u00e0 el certamen i actuar\u00e0 el diumenge a les 16.30, tindr\u00e0 com a obra obligada &#8216;Aditus&#8217;, de Jos\u00e9 Alam\u00e0 Gil. Aquesta primera secci\u00f3 est\u00e0 composta per la Societat d&#8217;Art Musical &#8216;La Filharm\u00f2nica&#8217; de Callosa de Segura i per la Banda Juvenil de la Societat Musical Instructiva &#8216;Santa Cec\u00edlia&#8217; de Cullera.<\/p>\n\n\n\n<p>El Certamen de Bandes de M\u00fasica de la Comunitat Valenciana t\u00e9 entrada lliure en els dos dies de programaci\u00f3, fins a completar l&#8217;aforament de l&#8217;Auditori del Palau de les Arts.<\/p>\n\n\n\n<p>El jurat de la 41a edici\u00f3 del Certamen de Bandes de M\u00fasica de la Comunitat Valenciana est\u00e0 presidit per Marga Landete, directora adjunta de M\u00fasica i Cultura Popular de l&#8217;Institut Valenci\u00e0 de Cultura. El vicepresident \u00e9s Pere Manuel Arag\u00f3, la secret\u00e0ria \u00e9s Maria Jos\u00e9 Albors i els vocals s\u00f3n Jos\u00e9 Alam\u00e0 Gil, Lid\u00f3n Valer, Isabel Rubio, Andr\u00e9s Valero i Julio Domingo. A m\u00e9s, el presentador de l&#8217;acte ser\u00e0 Onofre Valldecabres.<\/p>\n\n\n\n<p>El Certamen de Bandes de M\u00fasica de la Comunitat Valenciana \u00e9s la final auton\u00f2mica en qu\u00e8 conflueixen les bandes guanyadores dels cert\u00e0mens provincials organitzats per les diputacions i est\u00e0 impulsat per l&#8217;Institut Valenci\u00e0 de Cultura, amb la col\u00b7laboraci\u00f3 de la Federaci\u00f3 de Societats Musicals de la Comunitat Valenciana i el Palau de les Arts.<\/p>\n","protected":false},"excerpt":{"rendered":"<div class=\"mh-excerpt\">El Certamen de Bandas de M\u00fasica de la Comunitat Valenciana es la final auton\u00f3mica en la que confluyen las bandas ganadoras de los cert\u00e1menes provinciales organizados por las diputaciones y est\u00e1 impulsado por el Institut <a class=\"mh-excerpt-more\" href=\"https:\/\/www.tucomarca.com\/wordpress\/segunda\/ca\/la-unio-de-godelleta-i-santa-cecilia-de-iatova-al-costat-daltres-nou-bandes-valencianes-participen-en-el-41-certamen-de-la-comunitat\/\" title=\"La Uni\u00f3 de Godelleta i \u00abSanta Cec\u00edlia\u00bb de I\u00e0tova, al costat d&#8217;altres nou bandes valencianes, participen en el 41 Certamen de la Comunitat\">[+] <\/a><\/div>\n","protected":false},"author":1,"featured_media":95161,"comment_status":"open","ping_status":"open","sticky":false,"template":"","format":"standard","meta":{"footnotes":""},"categories":[11019,11005,10977,10980,10904,10912,11007,10896],"tags":[],"class_list":{"0":"post-95163","1":"post","2":"type-post","3":"status-publish","4":"format-standard","5":"has-post-thumbnail","7":"category-agenda-ca","8":"category-canal-musica","9":"category-godelleta-ca","10":"category-yatova-ca","11":"category-sin-categorizar-ca","12":"category-la-hoya-ca","13":"category-ocio-y-cultura-ca","14":"category-seccion-ca"},"_links":{"self":[{"href":"https:\/\/www.tucomarca.com\/wordpress\/segunda\/ca\/wp-json\/wp\/v2\/posts\/95163","targetHints":{"allow":["GET"]}}],"collection":[{"href":"https:\/\/www.tucomarca.com\/wordpress\/segunda\/ca\/wp-json\/wp\/v2\/posts"}],"about":[{"href":"https:\/\/www.tucomarca.com\/wordpress\/segunda\/ca\/wp-json\/wp\/v2\/types\/post"}],"author":[{"embeddable":true,"href":"https:\/\/www.tucomarca.com\/wordpress\/segunda\/ca\/wp-json\/wp\/v2\/users\/1"}],"replies":[{"embeddable":true,"href":"https:\/\/www.tucomarca.com\/wordpress\/segunda\/ca\/wp-json\/wp\/v2\/comments?post=95163"}],"version-history":[{"count":0,"href":"https:\/\/www.tucomarca.com\/wordpress\/segunda\/ca\/wp-json\/wp\/v2\/posts\/95163\/revisions"}],"wp:featuredmedia":[{"embeddable":true,"href":"https:\/\/www.tucomarca.com\/wordpress\/segunda\/ca\/wp-json\/wp\/v2\/media\/95161"}],"wp:attachment":[{"href":"https:\/\/www.tucomarca.com\/wordpress\/segunda\/ca\/wp-json\/wp\/v2\/media?parent=95163"}],"wp:term":[{"taxonomy":"category","embeddable":true,"href":"https:\/\/www.tucomarca.com\/wordpress\/segunda\/ca\/wp-json\/wp\/v2\/categories?post=95163"},{"taxonomy":"post_tag","embeddable":true,"href":"https:\/\/www.tucomarca.com\/wordpress\/segunda\/ca\/wp-json\/wp\/v2\/tags?post=95163"}],"curies":[{"name":"wp","href":"https:\/\/api.w.org\/{rel}","templated":true}]}}