{"id":95190,"date":"2019-11-03T22:35:40","date_gmt":"2019-11-03T20:35:40","guid":{"rendered":"http:\/\/www.tucomarca.com\/wordpress\/segunda\/?p=95190"},"modified":"2019-11-03T22:35:44","modified_gmt":"2019-11-03T20:35:44","slug":"el-cim-santa-cecilia-de-iatova-venc-en-la-seccio-segona-del-certamen-de-bandes-de-la-comunitat-valenciana","status":"publish","type":"post","link":"https:\/\/www.tucomarca.com\/wordpress\/segunda\/ca\/el-cim-santa-cecilia-de-iatova-venc-en-la-seccio-segona-del-certamen-de-bandes-de-la-comunitat-valenciana\/","title":{"rendered":"El CIM \u00abSanta Cec\u00edlia\u00bb de I\u00e0tova ven\u00e7 en la secci\u00f3 segona del Certamen de Bandes de la Comunitat Valenciana"},"content":{"rendered":"\n<figure class=\"wp-block-image\"><img loading=\"lazy\" decoding=\"async\" width=\"1024\" height=\"768\" src=\"http:\/\/www.tucomarca.com\/wordpress\/segunda\/wp-content\/uploads\/2019\/11\/CIMSantaCecilia-1024x768.jpeg\" alt=\"El CIM \u00abSanta Cecilia\u00bb de Y\u00e1tova durante su participaci\u00f3n en el certamen.\" class=\"wp-image-95178\" srcset=\"https:\/\/www.tucomarca.com\/wordpress\/segunda\/wp-content\/uploads\/2019\/11\/CIMSantaCecilia-1024x768.jpeg 1024w, https:\/\/www.tucomarca.com\/wordpress\/segunda\/wp-content\/uploads\/2019\/11\/CIMSantaCecilia-300x225.jpeg 300w, https:\/\/www.tucomarca.com\/wordpress\/segunda\/wp-content\/uploads\/2019\/11\/CIMSantaCecilia-768x576.jpeg 768w, https:\/\/www.tucomarca.com\/wordpress\/segunda\/wp-content\/uploads\/2019\/11\/CIMSantaCecilia-678x509.jpeg 678w, https:\/\/www.tucomarca.com\/wordpress\/segunda\/wp-content\/uploads\/2019\/11\/CIMSantaCecilia-326x245.jpeg 326w, https:\/\/www.tucomarca.com\/wordpress\/segunda\/wp-content\/uploads\/2019\/11\/CIMSantaCecilia-80x60.jpeg 80w, https:\/\/www.tucomarca.com\/wordpress\/segunda\/wp-content\/uploads\/2019\/11\/CIMSantaCecilia.jpeg 2048w\" sizes=\"auto, (max-width: 1024px) 100vw, 1024px\" \/><figcaption>El CIM \u00abSanta Cec\u00edlia\u00bb de I\u00e0tova durant la seua participaci\u00f3 en el certamen.<\/figcaption><\/figure>\n\n\n\n<p>La banda del Centre Instructiu Musical \u00abSanta Cec\u00edlia\u00bb de I\u00e0tova s&#8217;ha al\u00e7at amb el primer premi i la Menci\u00f3 d&#8217;Honor en la Segona Secci\u00f3 del Certamen de Bandes de la Comunitat Valenciana en virtut dels 333 punts aconseguits en la seua actuaci\u00f3 d&#8217;aquest diumenge a el Palau dels Arts Reina Sofia de Val\u00e8ncia.<\/p>\n\n\n\n<p>La banda del CIM \u00abSanta Cec\u00edlia\u00bb, dirigida per Juan Manuel Alarc\u00f3n, s&#8217;ha imposat a la Uni\u00f3 Musical de Redov\u00e1n (segona amb 330,75 punts), dirigida per Daniel Ros Hern\u00e1ndez; i a la Uni\u00f3 Musical de de Soneja (tercera amb 326,5 punts), dirigida per Juan Francisco Plasencia Civera; formacions contra les que ha competit des de les 10,30 hores d&#8217;aquest diumenge.<\/p>\n\n\n\n<p>Les tres formacions han interpretat com a obra obligada &#8220;ORorDEdeSAsa&#8221;, d&#8217;Andr\u00e9s Valero Castell, i el CIM \u00abSanta Cec\u00edlia\u00bb ha posat en faristol a m\u00e9s com a obra de lliure elecci\u00f3 &#8220;La porta de l&#8217;\u00c0ngel&#8221;, de Sa\u00fcl G\u00f3mez Soler, despr\u00e9s d&#8217;interpretar el pasdoble &#8220;M\u00fasica i vins&#8221;, de Manuel Morales Mart\u00ednez.<\/p>\n\n\n\n<p>El president del CIM \u00abSanta Cec\u00edlia\u00bb de I\u00e0tova, Joaqu\u00edn Ortiz, ha mostrat la seua \u00abgran satisfacci\u00f3\u00bb pel nou guard\u00f3 que acaba de sumar ara la banda en una reeixida traject\u00f2ria durant els \u00faltims anys, entre els guardons aconseguits es troben les vict\u00f2ries en el Certamen de Dos Barris (Toledo); aix\u00ed com el primer premi i la menci\u00f3 d&#8217;honor en la Secci\u00f3 Segona del Certamen de Bandes de M\u00fasica de la Diputaci\u00f3 de Val\u00e8ncia aquest any; que se sumen al primer premi del Certamen de Bandes de la Diputaci\u00f3 ja collit en els anys 1999 i el 2006, aix\u00ed com un segon premi en 1992.<\/p>\n\n\n\n<p>El president ha ressaltat a m\u00e9s \u00abel grand\u00edssim nivell\u00bb de les tres bandes participants en aquesta categoria del certamen i les \u00abfabuloses interpretacions\u00bb que ha realitzat la banda de la societat que ell presideix.<\/p>\n\n\n\n<figure class=\"wp-block-image\"><img loading=\"lazy\" decoding=\"async\" width=\"1024\" height=\"655\" src=\"http:\/\/www.tucomarca.com\/wordpress\/segunda\/wp-content\/uploads\/2019\/11\/CIMYatova2-1024x655.jpg\" alt=\"Miguel T\u00f3rtola, Joaqu\u00edn Ortiz y Juan Manuel Alarc\u00f3n.\" class=\"wp-image-95185\" srcset=\"https:\/\/www.tucomarca.com\/wordpress\/segunda\/wp-content\/uploads\/2019\/11\/CIMYatova2-1024x655.jpg 1024w, https:\/\/www.tucomarca.com\/wordpress\/segunda\/wp-content\/uploads\/2019\/11\/CIMYatova2-300x192.jpg 300w, https:\/\/www.tucomarca.com\/wordpress\/segunda\/wp-content\/uploads\/2019\/11\/CIMYatova2-768x491.jpg 768w, https:\/\/www.tucomarca.com\/wordpress\/segunda\/wp-content\/uploads\/2019\/11\/CIMYatova2.jpg 1556w\" sizes=\"auto, (max-width: 1024px) 100vw, 1024px\" \/><figcaption>Miguel T\u00f3rtola, Joaqu\u00edn Ortiz i Juan Manuel Alarc\u00f3n.<\/figcaption><\/figure>\n\n\n\n<p>L&#8217;alcalde de I\u00e0tova, Miguel T\u00f3rtola, ha estat dels primers a felicitar la banda pel seu nou \u00e8xit: &#8220;Felicitacions al seu director, Juan Manuel Alarc\u00f3n, i al grup de professionals que ho van donar tot perqu\u00e8 el p\u00fablic assistent vibr\u00e9s amb la seua magn\u00edfica interpretaci\u00f3 &#8220;, ha manifestat la primera autoritat local, que ha assistit am\u00e9s al certamen.<\/p>\n\n\n\n<p>&#8220;Tenim motius per enorgullir-nos de la tradicional passi\u00f3 musical de I\u00e0tova i els \u00e8xits que les nostres dues bandes cont\u00ednuament ens dediquen&#8221;, ha afegit Miguel T\u00f3rtola.<\/p>\n\n\n\n<figure class=\"wp-block-image\"><img loading=\"lazy\" decoding=\"async\" width=\"1024\" height=\"498\" src=\"http:\/\/www.tucomarca.com\/wordpress\/segunda\/wp-content\/uploads\/2019\/11\/CIMYatova3-1024x498.jpg\" alt=\"Momento en el que se ha conocido el fallo del jurado.\" class=\"wp-image-95187\" srcset=\"https:\/\/www.tucomarca.com\/wordpress\/segunda\/wp-content\/uploads\/2019\/11\/CIMYatova3-1024x498.jpg 1024w, https:\/\/www.tucomarca.com\/wordpress\/segunda\/wp-content\/uploads\/2019\/11\/CIMYatova3-300x146.jpg 300w, https:\/\/www.tucomarca.com\/wordpress\/segunda\/wp-content\/uploads\/2019\/11\/CIMYatova3-768x373.jpg 768w, https:\/\/www.tucomarca.com\/wordpress\/segunda\/wp-content\/uploads\/2019\/11\/CIMYatova3.jpg 2048w\" sizes=\"auto, (max-width: 1024px) 100vw, 1024px\" \/><figcaption>Moment en qu\u00e8 s&#8217;ha conegut la decisi\u00f3 del jurat.<\/figcaption><\/figure>\n\n\n\n<p>El Certamen de Bandes de M\u00fasica de la Comunitat Valenciana \u00e9s la final auton\u00f2mica en qu\u00e8 conflueixen les bandes guanyadores dels cert\u00e0mens provincials organitzats per les diputacions i est\u00e0 impulsat per l&#8217;Institut Valenci\u00e0 de Cultura, amb la col\u00b7laboraci\u00f3 de la Federaci\u00f3 de Societats Musicals de la Comunitat Valenciana i el Palau de les Arts.<\/p>\n\n\n\n<p>El jurat de la 41 edici\u00f3 del Certamen de Bandes de M\u00fasica de la Comunitat Valenciana ha estat presidit per Marga Landete, directora adjunta de M\u00fasica i Cultura Popular de l&#8217;Institut Valenci\u00e0 de Cultura. El vicepresident \u00e9s Pere Manuel Arag\u00f3, la secret\u00e0ria \u00e9s Maria Jos\u00e9 Albors i els vocals s\u00f3n Jos\u00e9 Alam\u00e0 Gil, Lid\u00f3n Valer, Isabel Rubio, Andr\u00e9s Valero i Julio Domingo.<\/p>\n","protected":false},"excerpt":{"rendered":"<div class=\"mh-excerpt\">La banda del Centre Instructiu Musical \u00abSanta Cec\u00edlia\u00bb de I\u00e0tova s&#8217;ha al\u00e7at amb el primer premi i la Menci\u00f3 d&#8217;Honor en la Segona Secci\u00f3 del Certamen de Bandes de la Comunitat Valenciana en virtut dels <a class=\"mh-excerpt-more\" href=\"https:\/\/www.tucomarca.com\/wordpress\/segunda\/ca\/el-cim-santa-cecilia-de-iatova-venc-en-la-seccio-segona-del-certamen-de-bandes-de-la-comunitat-valenciana\/\" title=\"El CIM \u00abSanta Cec\u00edlia\u00bb de I\u00e0tova ven\u00e7 en la secci\u00f3 segona del Certamen de Bandes de la Comunitat Valenciana\">[+] <\/a><\/div>\n","protected":false},"author":1,"featured_media":95184,"comment_status":"open","ping_status":"open","sticky":false,"template":"","format":"standard","meta":{"footnotes":""},"categories":[11005,10898,10980,10904,10912,11007,10896],"tags":[10401],"class_list":{"0":"post-95190","1":"post","2":"type-post","3":"status-publish","4":"format-standard","5":"has-post-thumbnail","7":"category-canal-musica","8":"category-ventana-ca","9":"category-yatova-ca","10":"category-sin-categorizar-ca","11":"category-la-hoya-ca","12":"category-ocio-y-cultura-ca","13":"category-seccion-ca","14":"tag-musica"},"_links":{"self":[{"href":"https:\/\/www.tucomarca.com\/wordpress\/segunda\/ca\/wp-json\/wp\/v2\/posts\/95190","targetHints":{"allow":["GET"]}}],"collection":[{"href":"https:\/\/www.tucomarca.com\/wordpress\/segunda\/ca\/wp-json\/wp\/v2\/posts"}],"about":[{"href":"https:\/\/www.tucomarca.com\/wordpress\/segunda\/ca\/wp-json\/wp\/v2\/types\/post"}],"author":[{"embeddable":true,"href":"https:\/\/www.tucomarca.com\/wordpress\/segunda\/ca\/wp-json\/wp\/v2\/users\/1"}],"replies":[{"embeddable":true,"href":"https:\/\/www.tucomarca.com\/wordpress\/segunda\/ca\/wp-json\/wp\/v2\/comments?post=95190"}],"version-history":[{"count":0,"href":"https:\/\/www.tucomarca.com\/wordpress\/segunda\/ca\/wp-json\/wp\/v2\/posts\/95190\/revisions"}],"wp:featuredmedia":[{"embeddable":true,"href":"https:\/\/www.tucomarca.com\/wordpress\/segunda\/ca\/wp-json\/wp\/v2\/media\/95184"}],"wp:attachment":[{"href":"https:\/\/www.tucomarca.com\/wordpress\/segunda\/ca\/wp-json\/wp\/v2\/media?parent=95190"}],"wp:term":[{"taxonomy":"category","embeddable":true,"href":"https:\/\/www.tucomarca.com\/wordpress\/segunda\/ca\/wp-json\/wp\/v2\/categories?post=95190"},{"taxonomy":"post_tag","embeddable":true,"href":"https:\/\/www.tucomarca.com\/wordpress\/segunda\/ca\/wp-json\/wp\/v2\/tags?post=95190"}],"curies":[{"name":"wp","href":"https:\/\/api.w.org\/{rel}","templated":true}]}}