{"id":95205,"date":"2019-11-04T20:13:31","date_gmt":"2019-11-04T18:13:31","guid":{"rendered":"http:\/\/www.tucomarca.com\/wordpress\/segunda\/?p=95205"},"modified":"2019-11-04T20:13:39","modified_gmt":"2019-11-04T18:13:39","slug":"bonig-reclama-davant-300-assistents-a-leliana-el-vot-de-centre-dreta-per-fer-fora-sanchez","status":"publish","type":"post","link":"https:\/\/www.tucomarca.com\/wordpress\/segunda\/ca\/bonig-reclama-davant-300-assistents-a-leliana-el-vot-de-centre-dreta-per-fer-fora-sanchez\/","title":{"rendered":"Bonig reclama davant 300 assistents a l&#8217;Eliana el vot de centre dreta per &#8220;fer fora S\u00e1nchez&#8221;"},"content":{"rendered":"\n<figure class=\"wp-block-image\"><img loading=\"lazy\" decoding=\"async\" width=\"1024\" height=\"576\" src=\"http:\/\/www.tucomarca.com\/wordpress\/segunda\/wp-content\/uploads\/2019\/11\/LElianaPP-1024x576.jpg\" alt=\"Simpatizantes, militantes y alcaldes y portavoces de Camp de T\u00faria\" class=\"wp-image-95197\" srcset=\"https:\/\/www.tucomarca.com\/wordpress\/segunda\/wp-content\/uploads\/2019\/11\/LElianaPP.jpg 1024w, https:\/\/www.tucomarca.com\/wordpress\/segunda\/wp-content\/uploads\/2019\/11\/LElianaPP-300x169.jpg 300w, https:\/\/www.tucomarca.com\/wordpress\/segunda\/wp-content\/uploads\/2019\/11\/LElianaPP-768x432.jpg 768w, https:\/\/www.tucomarca.com\/wordpress\/segunda\/wp-content\/uploads\/2019\/11\/LElianaPP-678x381.jpg 678w\" sizes=\"auto, (max-width: 1024px) 100vw, 1024px\" \/><figcaption>Simpatitzants, militants i alcaldes i portaveus del Camp de T\u00faria.<\/figcaption><\/figure>\n\n\n\n<p>La presidenta del PP de la Comunitat Valenciana, Isabel Bonig, va cridar el passat dissabte a l&#8217;Eliana a unificar el vot de centredreta el 10 novembre i ha afirmat que si no \u00e9s aix\u00ed &#8220;es queda el PSOE i S\u00e1nchez, que sempre porten atur i pobresa &#8220;. &#8220;Tenen una tend\u00e8ncia nata a destruir l&#8217;ocupaci\u00f3&#8221;, Bonig es va pronunciar aix\u00ed en un Auditori de l&#8217;Eliana &#8220;ple a vessar amb m\u00e9s de 300 assistents&#8221;, on va assistir a un dinar en companyia de la portaveu municipal Maria Jos\u00e9 Marco i el President del PP de l&#8217;Eliana Sota Ib\u00e1\u00f1ez que va declarar que se sent &#8220;molt orgull\u00f3s de l&#8217;equip de l&#8217;Eliana i la gran resposta de la seva milit\u00e0ncia&#8221;, aix\u00ed com de la &#8220;confian\u00e7a del PPCV a l&#8217;encarregar un acte d&#8217;aquestes caracter\u00edstiques en els temps que corren, perqu\u00e8 saben que l&#8217;Eliana sempre suma &#8220;. Simpatitzants, militants i alcaldes i portaveus del Camp de T\u00faria al costat dels caps de llista al Congr\u00e9s i al Senat per Val\u00e8ncia, Bel\u00e9n Hoyo i Fernando de Rosa, i la vicesecret\u00e0ria d&#8217;Organitzaci\u00f3 del PPCV, Mari Carmen Contelles van abarrotar el sal\u00f3.<\/p>\n\n\n\n<p>Per Maria Jos\u00e9 Marco &#8220;no es pot seguir amb est\u00e0 inestabilitat en el panorama pol\u00edtic espanyol, tots els militants som el veritable m\u00fascul capa\u00e7 d&#8217;impulsar el canvi que Espanya necessita i les m\u00e9s de 300 persones que aqu\u00ed vam omplir aquest Auditori aix\u00ed ho demostren&#8221;.<\/p>\n\n\n\n<p>Hoyo, cap de llista al Congr\u00e9s per Val\u00e8ncia, va cridar a la unitat del vot de centre dreta entorn de la figura de Pablo Casado &#8220;si hi ha un partit que ha tret dues vegades als espanyols de la crisi ha estat el PP&#8221;.<\/p>\n\n\n\n<figure class=\"wp-block-image\"><img loading=\"lazy\" decoding=\"async\" width=\"1024\" height=\"498\" src=\"http:\/\/www.tucomarca.com\/wordpress\/segunda\/wp-content\/uploads\/2019\/11\/BonigEliana-1024x498.jpeg\" alt=\"Bonig ha criticado que las cuentas de la Generalitat \u201csuban su cap\u00edtulo de personal\u201d. \" class=\"wp-image-95200\" srcset=\"https:\/\/www.tucomarca.com\/wordpress\/segunda\/wp-content\/uploads\/2019\/11\/BonigEliana-1024x498.jpeg 1024w, https:\/\/www.tucomarca.com\/wordpress\/segunda\/wp-content\/uploads\/2019\/11\/BonigEliana-300x146.jpeg 300w, https:\/\/www.tucomarca.com\/wordpress\/segunda\/wp-content\/uploads\/2019\/11\/BonigEliana-768x373.jpeg 768w, https:\/\/www.tucomarca.com\/wordpress\/segunda\/wp-content\/uploads\/2019\/11\/BonigEliana.jpeg 2016w\" sizes=\"auto, (max-width: 1024px) 100vw, 1024px\" \/><figcaption>Bonig ha criticat que els comptes de la Generalitat &#8220;pugin el seu cap\u00edtol de personal&#8221;.<\/figcaption><\/figure>\n\n\n\n<p>I per Bonig &#8220;Els ciutadans han d&#8217;anar a votar pensant qui \u00e9s el millor partit per gestionar aquesta crisi que ja no nega ning\u00fa. Quan governa l&#8217;esquerra hi ha atur i pobresa. L&#8217;\u00fanic partit ara per ara que garanteix la responsabilitat i prendre les millors mesures en benefici dels espanyols \u00e9s el PP i l&#8217;\u00fanic l\u00edder \u00e9s Pablo Casado &#8220;. Tamb\u00e9 va criticar durament que els comptes de la Generalitat&#8221; pugin el seu cap\u00edtol de personal &#8220;, i va assegurar que &#8220;En el PPCV proposem una revoluci\u00f3 fiscal, llevant els impostos de successions i donacions i Patrimoni i baixant l&#8217;IRPF i l&#8217;impost de Societats. el fonamental \u00e9s que els diners estigui la butxaca dels ciutadans, perqu\u00e8 aix\u00f2 reactiva l&#8217;economia&#8221;. Va concloure afirmant que el PP porta &#8220;un missatge d&#8217;esperan\u00e7a als ciutadans de la Comunitat Valenciana que comencen a veure que l&#8217;economia va pitjor&#8221; i que necessiten &#8220;un Govern que s&#8217;ocupi d&#8217;afrontar les reformes necess\u00e0ries&#8221;.<\/p>\n","protected":false},"excerpt":{"rendered":"<div class=\"mh-excerpt\">La presidenta del PP de la Comunitat Valenciana, Isabel Bonig, va cridar el passat dissabte a l&#8217;Eliana a unificar el vot de centredreta el 10 novembre i ha afirmat que si no \u00e9s aix\u00ed &#8220;es <a class=\"mh-excerpt-more\" href=\"https:\/\/www.tucomarca.com\/wordpress\/segunda\/ca\/bonig-reclama-davant-300-assistents-a-leliana-el-vot-de-centre-dreta-per-fer-fora-sanchez\/\" title=\"Bonig reclama davant 300 assistents a l&#8217;Eliana el vot de centre dreta per &#8220;fer fora S\u00e1nchez&#8221;\">[+] <\/a><\/div>\n","protected":false},"author":1,"featured_media":95196,"comment_status":"open","ping_status":"open","sticky":false,"template":"","format":"standard","meta":{"footnotes":""},"categories":[10892,10894,10904,10893,10947,10896],"tags":[],"class_list":{"0":"post-95205","1":"post","2":"type-post","3":"status-publish","4":"format-standard","5":"has-post-thumbnail","7":"category-camp-de-turia-ca","8":"category-la-comarca-ca","9":"category-sin-categorizar-ca","10":"category-leliana-ca","11":"category-politica","12":"category-seccion-ca"},"_links":{"self":[{"href":"https:\/\/www.tucomarca.com\/wordpress\/segunda\/ca\/wp-json\/wp\/v2\/posts\/95205","targetHints":{"allow":["GET"]}}],"collection":[{"href":"https:\/\/www.tucomarca.com\/wordpress\/segunda\/ca\/wp-json\/wp\/v2\/posts"}],"about":[{"href":"https:\/\/www.tucomarca.com\/wordpress\/segunda\/ca\/wp-json\/wp\/v2\/types\/post"}],"author":[{"embeddable":true,"href":"https:\/\/www.tucomarca.com\/wordpress\/segunda\/ca\/wp-json\/wp\/v2\/users\/1"}],"replies":[{"embeddable":true,"href":"https:\/\/www.tucomarca.com\/wordpress\/segunda\/ca\/wp-json\/wp\/v2\/comments?post=95205"}],"version-history":[{"count":0,"href":"https:\/\/www.tucomarca.com\/wordpress\/segunda\/ca\/wp-json\/wp\/v2\/posts\/95205\/revisions"}],"wp:featuredmedia":[{"embeddable":true,"href":"https:\/\/www.tucomarca.com\/wordpress\/segunda\/ca\/wp-json\/wp\/v2\/media\/95196"}],"wp:attachment":[{"href":"https:\/\/www.tucomarca.com\/wordpress\/segunda\/ca\/wp-json\/wp\/v2\/media?parent=95205"}],"wp:term":[{"taxonomy":"category","embeddable":true,"href":"https:\/\/www.tucomarca.com\/wordpress\/segunda\/ca\/wp-json\/wp\/v2\/categories?post=95205"},{"taxonomy":"post_tag","embeddable":true,"href":"https:\/\/www.tucomarca.com\/wordpress\/segunda\/ca\/wp-json\/wp\/v2\/tags?post=95205"}],"curies":[{"name":"wp","href":"https:\/\/api.w.org\/{rel}","templated":true}]}}