{"id":95210,"date":"2019-11-04T20:16:16","date_gmt":"2019-11-04T18:16:16","guid":{"rendered":"http:\/\/www.tucomarca.com\/wordpress\/segunda\/?p=95210"},"modified":"2019-11-04T20:16:19","modified_gmt":"2019-11-04T18:16:19","slug":"el-pspv-psoe-de-riba-roja-homenatja-tots-els-morts-en-actes-de-guerra-i-assassinats-en-la-postguerra-que-van-lluitar-per-la-pau-i-la-democracia","status":"publish","type":"post","link":"https:\/\/www.tucomarca.com\/wordpress\/segunda\/ca\/el-pspv-psoe-de-riba-roja-homenatja-tots-els-morts-en-actes-de-guerra-i-assassinats-en-la-postguerra-que-van-lluitar-per-la-pau-i-la-democracia\/","title":{"rendered":"El PSPV-PSOE de Riba-roja homenatja tots els morts en actes de guerra i assassinats en la postguerra que van lluitar per la pau i la democr\u00e0cia"},"content":{"rendered":"\n<p><strong>Militants i simpatitzants realitzen una ofrena floral al cementiri<\/strong><\/p>\n\n\n\n<p>El mat\u00ed de Tots Sants el PSOE de Riba-roja al costat de l&#8217;Associaci\u00f3 per la Mem\u00f2ria Hist\u00f2rica de Riba-roja han retut un emotiu homenatge al cementiri municipal, per tercer any consecutiu, a totes les v\u00edctimes de les guerres i assassinats en la postguerra que van perdre la vida per la seua lluita en favor de la democr\u00e0cia i la pau. Militants i simpatitzants del PSPV de Riba-roja han dipositat un ram de flors a l&#8217;escultura que presideix l&#8217;acc\u00e9s principal del cementiri del qual \u00e9s autor Vicent Ort\u00ed, professor de Belles Arts.<\/p>\n\n\n\n<p>Un nombr\u00f3s grup de militants i simpatitzants del PSPV de Riba-roja i p\u00fablic en general s&#8217;han reunit al voltant de l&#8217;escultura instal\u00b7lada i inaugurada el 2016 per l&#8217;ajuntament en homenatge a totes aquelles persones de la localitat que van perdre la vida en lluita per aconseguir la pau i la democr\u00e0cia al nostre pa\u00eds. Familiars dels \u00fanics morts en la contesa els cossos no s&#8217;han pogut localitzar fins al moment han portat els rams de flors utilitzats en l&#8217;ofrena.<\/p>\n\n\n\n<p>Actualment, hi ha quatre persones de Riba-roja desaparegudes durant la guerra civil i els cossos encara no s&#8217;han pogut localitzar. Les tasques de recerca i investigaci\u00f3 s\u00f3n a c\u00e0rrec de l&#8217;Associaci\u00f3 per la Mem\u00f2ria Hist\u00f2rica de la localitat. &nbsp;<\/p>\n\n\n\n<p>L&#8217;escultura est\u00e0 constru\u00efda a base de pedra procedent de l&#8217;extinta pedrera &#8220;la Pedrera&#8221; que va estar en funcionament entre els anys 1969 i 2011. El mon\u00f2lit de Ort\u00ed simbolitza un al\u00b7legat per la defensa dels drets democr\u00e0tics m\u00e9s elementals i una defensa ac\u00e8rrima al di\u00e0leg entre les persones. Una inscripci\u00f3 en la pedra &#8220;A les dones i homes que lluitaren paper poble, la democr\u00e0cia i la llibertat&#8221; \u00e9s el motor principal que va impulsar al govern local a constituir un espai dedicat a aquestes persones en el cementiri.<\/p>\n","protected":false},"excerpt":{"rendered":"<div class=\"mh-excerpt\">Militants i simpatitzants realitzen una ofrena floral al cementiri El mat\u00ed de Tots Sants el PSOE de Riba-roja al costat de l&#8217;Associaci\u00f3 per la Mem\u00f2ria Hist\u00f2rica de Riba-roja han retut un emotiu homenatge al cementiri <a class=\"mh-excerpt-more\" href=\"https:\/\/www.tucomarca.com\/wordpress\/segunda\/ca\/el-pspv-psoe-de-riba-roja-homenatja-tots-els-morts-en-actes-de-guerra-i-assassinats-en-la-postguerra-que-van-lluitar-per-la-pau-i-la-democracia\/\" title=\"El PSPV-PSOE de Riba-roja homenatja tots els morts en actes de guerra i assassinats en la postguerra que van lluitar per la pau i la democr\u00e0cia\">[+] <\/a><\/div>\n","protected":false},"author":12,"featured_media":95209,"comment_status":"open","ping_status":"open","sticky":false,"template":"","format":"standard","meta":{"footnotes":""},"categories":[10892,10894,10947,10906,10896],"tags":[11603,11610],"class_list":{"0":"post-95210","1":"post","2":"type-post","3":"status-publish","4":"format-standard","5":"has-post-thumbnail","7":"category-camp-de-turia-ca","8":"category-la-comarca-ca","9":"category-politica","10":"category-riba-roja-ca","11":"category-seccion-ca","12":"tag-pspv-psoe-riba-roja","13":"tag-pspv-psoe-riba-roja-ca"},"_links":{"self":[{"href":"https:\/\/www.tucomarca.com\/wordpress\/segunda\/ca\/wp-json\/wp\/v2\/posts\/95210","targetHints":{"allow":["GET"]}}],"collection":[{"href":"https:\/\/www.tucomarca.com\/wordpress\/segunda\/ca\/wp-json\/wp\/v2\/posts"}],"about":[{"href":"https:\/\/www.tucomarca.com\/wordpress\/segunda\/ca\/wp-json\/wp\/v2\/types\/post"}],"author":[{"embeddable":true,"href":"https:\/\/www.tucomarca.com\/wordpress\/segunda\/ca\/wp-json\/wp\/v2\/users\/12"}],"replies":[{"embeddable":true,"href":"https:\/\/www.tucomarca.com\/wordpress\/segunda\/ca\/wp-json\/wp\/v2\/comments?post=95210"}],"version-history":[{"count":0,"href":"https:\/\/www.tucomarca.com\/wordpress\/segunda\/ca\/wp-json\/wp\/v2\/posts\/95210\/revisions"}],"wp:featuredmedia":[{"embeddable":true,"href":"https:\/\/www.tucomarca.com\/wordpress\/segunda\/ca\/wp-json\/wp\/v2\/media\/95209"}],"wp:attachment":[{"href":"https:\/\/www.tucomarca.com\/wordpress\/segunda\/ca\/wp-json\/wp\/v2\/media?parent=95210"}],"wp:term":[{"taxonomy":"category","embeddable":true,"href":"https:\/\/www.tucomarca.com\/wordpress\/segunda\/ca\/wp-json\/wp\/v2\/categories?post=95210"},{"taxonomy":"post_tag","embeddable":true,"href":"https:\/\/www.tucomarca.com\/wordpress\/segunda\/ca\/wp-json\/wp\/v2\/tags?post=95210"}],"curies":[{"name":"wp","href":"https:\/\/api.w.org\/{rel}","templated":true}]}}