{"id":95224,"date":"2019-11-04T14:34:15","date_gmt":"2019-11-04T12:34:15","guid":{"rendered":"http:\/\/www.tucomarca.com\/wordpress\/segunda\/?p=95224"},"modified":"2019-11-04T14:34:24","modified_gmt":"2019-11-04T12:34:24","slug":"observacio-astronomica-del-transit-de-mercuri-davant-el-disc-solar-organitzada-per-lateneu-de-bunyol","status":"publish","type":"post","link":"https:\/\/www.tucomarca.com\/wordpress\/segunda\/ca\/observacio-astronomica-del-transit-de-mercuri-davant-el-disc-solar-organitzada-per-lateneu-de-bunyol\/","title":{"rendered":"Observaci\u00f3 astron\u00f2mica del tr\u00e0nsit de Mercuri davant el disc solar organitzada per L&#8217;Ateneu de Bunyol"},"content":{"rendered":"\n<p>L&#8217;Ateneu de Bunyol ha organitzat una observaci\u00f3 astron\u00f2mica de Mercuri per dilluns que ve, 11 de novembre, de 13,00 a 22,00 hores a la pla\u00e7a d&#8217;armes del castell de la localitat.<\/p>\n\n\n\n<p>\u00abEl tr\u00e0nsit de Mercuri \u00e9s una efem\u00e8ride al voltant de la qual organitzarem una observaci\u00f3 astron\u00f2mica. Intentarem veure com el planeta Mercuri inicia el seu pas per davant del disc solar a les 13,35 hores i seguir\u00e0 recorrent tot el disc fins a l&#8217;oc\u00e0s. Amb el crepuscle comen\u00e7arem a observar els astres m\u00e9s brillants i despr\u00e9s de la seva finalitzaci\u00f3 podrem veure objectes m\u00e9s febles\u00bb, com han informat des del Ateneu.<\/p>\n\n\n\n<p>\u00abDisposarem com a m\u00ednim d&#8217;un telescopi refractor i un altre reflector, al primer li acoblarem un filtre per a l&#8217;observaci\u00f3 solar i l&#8217;altre el farem servir per projectar el tr\u00e0nsit sobre una petita pantalla, i uns prism\u00e0tics per visualitzar els objectes mes extensos com planetes i objecte de cel profund\u00bb, han afegit.<\/p>\n\n\n\n<p>Els seg\u00fcents objectes seran visibles: la Lluna, els planetes Venus, J\u00fapiter i Mercuri cap al sud-oest, els asterismos de les constel\u00b7lacions \u00d3ssa Major, Cassiopea, Lira, Cigne, \u00c0guila, Peg\u00e0s i Andr\u00f2meda, estrelles importants Artur, Vega i Polar, objectes de cel profund com el doble c\u00famul de Perseu i la gal\u00e0xia d&#8217;Andr\u00f2meda.<\/p>\n\n\n\n<p>L&#8217;assist\u00e8ncia \u00e9s lliure i gratu\u00efta i l&#8217;activitat tindr\u00e0 dues parts: d&#8217;<br>\n13,00 a 18,00 hores s&#8217;observar\u00e0 el tr\u00e0nsit de Mercuri i despr\u00e9s del<br>\noc\u00e0s i fins a les 22,00 hores el cel nocturn.<\/p>\n","protected":false},"excerpt":{"rendered":"<div class=\"mh-excerpt\">L&#8217;Ateneu de Bunyol ha organitzat una observaci\u00f3 astron\u00f2mica de Mercuri per dilluns que ve, 11 de novembre, de 13,00 a 22,00 hores a la pla\u00e7a d&#8217;armes del castell de la localitat. \u00abEl tr\u00e0nsit de Mercuri <a class=\"mh-excerpt-more\" href=\"https:\/\/www.tucomarca.com\/wordpress\/segunda\/ca\/observacio-astronomica-del-transit-de-mercuri-davant-el-disc-solar-organitzada-per-lateneu-de-bunyol\/\" title=\"Observaci\u00f3 astron\u00f2mica del tr\u00e0nsit de Mercuri davant el disc solar organitzada per L&#8217;Ateneu de Bunyol\">[+] <\/a><\/div>\n","protected":false},"author":1,"featured_media":95221,"comment_status":"open","ping_status":"open","sticky":false,"template":"","format":"standard","meta":{"footnotes":""},"categories":[11019,10911,10912,11007,10896],"tags":[10385,10913,9906,11314],"class_list":{"0":"post-95224","1":"post","2":"type-post","3":"status-publish","4":"format-standard","5":"has-post-thumbnail","7":"category-agenda-ca","8":"category-bunol-ca","9":"category-la-hoya-ca","10":"category-ocio-y-cultura-ca","11":"category-seccion-ca","12":"tag-bunol","13":"tag-bunol-ca","14":"tag-bunyol","15":"tag-bunyol-ca"},"_links":{"self":[{"href":"https:\/\/www.tucomarca.com\/wordpress\/segunda\/ca\/wp-json\/wp\/v2\/posts\/95224","targetHints":{"allow":["GET"]}}],"collection":[{"href":"https:\/\/www.tucomarca.com\/wordpress\/segunda\/ca\/wp-json\/wp\/v2\/posts"}],"about":[{"href":"https:\/\/www.tucomarca.com\/wordpress\/segunda\/ca\/wp-json\/wp\/v2\/types\/post"}],"author":[{"embeddable":true,"href":"https:\/\/www.tucomarca.com\/wordpress\/segunda\/ca\/wp-json\/wp\/v2\/users\/1"}],"replies":[{"embeddable":true,"href":"https:\/\/www.tucomarca.com\/wordpress\/segunda\/ca\/wp-json\/wp\/v2\/comments?post=95224"}],"version-history":[{"count":0,"href":"https:\/\/www.tucomarca.com\/wordpress\/segunda\/ca\/wp-json\/wp\/v2\/posts\/95224\/revisions"}],"wp:featuredmedia":[{"embeddable":true,"href":"https:\/\/www.tucomarca.com\/wordpress\/segunda\/ca\/wp-json\/wp\/v2\/media\/95221"}],"wp:attachment":[{"href":"https:\/\/www.tucomarca.com\/wordpress\/segunda\/ca\/wp-json\/wp\/v2\/media?parent=95224"}],"wp:term":[{"taxonomy":"category","embeddable":true,"href":"https:\/\/www.tucomarca.com\/wordpress\/segunda\/ca\/wp-json\/wp\/v2\/categories?post=95224"},{"taxonomy":"post_tag","embeddable":true,"href":"https:\/\/www.tucomarca.com\/wordpress\/segunda\/ca\/wp-json\/wp\/v2\/tags?post=95224"}],"curies":[{"name":"wp","href":"https:\/\/api.w.org\/{rel}","templated":true}]}}