{"id":95234,"date":"2019-11-04T20:20:11","date_gmt":"2019-11-04T18:20:11","guid":{"rendered":"http:\/\/www.tucomarca.com\/wordpress\/segunda\/?p=95234"},"modified":"2019-11-04T20:20:20","modified_gmt":"2019-11-04T18:20:20","slug":"vilamarxant-estrena-una-serie-de-jornades-amb-els-fundadors-de-projectes-empresarials-dexit","status":"publish","type":"post","link":"https:\/\/www.tucomarca.com\/wordpress\/segunda\/ca\/vilamarxant-estrena-una-serie-de-jornades-amb-els-fundadors-de-projectes-empresarials-dexit\/","title":{"rendered":"Vilamarxant estrena una s\u00e8rie de jornades amb els fundadors de projectes empresarials d&#8217;\u00e8xit"},"content":{"rendered":"\n<p><strong>L&#8217;objectiu del programa &#8220;Success Fridays&#8221;, que comencen el 8 de novembre, \u00e9s ajudar els emprenedors amb experi\u00e8ncies en primera persona<\/strong><\/p>\n\n\n\n<p>El Centre d&#8217;Emprenedoria i Innovaci\u00f3 del T\u00faria de Vilamarxant (CEIT\u00faria) acollir\u00e0 durant els pr\u00f2xims mesos una s\u00e8rie de jornades en la que els protagonistes d&#8217;empreses d&#8217;\u00e8xit comptaran la seua experi\u00e8ncia.<\/p>\n\n\n\n<p>Durante estes jornades, els l\u00edders de projectes empresarials d&#8217;\u00e8xit explicaran les seues viv\u00e8ncies personals, des de l&#8217;origen de la idea fins a la consolidaci\u00f3 dels seus negocis, que serviran perqu\u00e8 emprenedors de Vilamarxant i la comarca del Camp de T\u00faria adquirisquen nocions del proc\u00e9s.<\/p>\n\n\n\n<p>Els Success Fridays, nom amb el qual es coneixeran les sessions de treball, s&#8217;estrenaran el pr\u00f2xim 8 de novembre, a partir de les 19 hores, en CEI *T\u00faria de Vilamarxant. Juan Puchau Gadea, representant d&#8217;\u00d3rbita Ingenier\u00eda SL, ser\u00e0 el primer convidat a estes confer\u00e8ncies.<\/p>\n","protected":false},"excerpt":{"rendered":"<div class=\"mh-excerpt\">L&#8217;objectiu del programa &#8220;Success Fridays&#8221;, que comencen el 8 de novembre, \u00e9s ajudar els emprenedors amb experi\u00e8ncies en primera persona El Centre d&#8217;Emprenedoria i Innovaci\u00f3 del T\u00faria de Vilamarxant (CEIT\u00faria) acollir\u00e0 durant els pr\u00f2xims mesos <a class=\"mh-excerpt-more\" href=\"https:\/\/www.tucomarca.com\/wordpress\/segunda\/ca\/vilamarxant-estrena-una-serie-de-jornades-amb-els-fundadors-de-projectes-empresarials-dexit\/\" title=\"Vilamarxant estrena una s\u00e8rie de jornades amb els fundadors de projectes empresarials d&#8217;\u00e8xit\">[+] <\/a><\/div>\n","protected":false},"author":12,"featured_media":95233,"comment_status":"open","ping_status":"open","sticky":false,"template":"","format":"standard","meta":{"footnotes":""},"categories":[11019,10892,10894,10896,10927],"tags":[11890],"class_list":{"0":"post-95234","1":"post","2":"type-post","3":"status-publish","4":"format-standard","5":"has-post-thumbnail","7":"category-agenda-ca","8":"category-camp-de-turia-ca","9":"category-la-comarca-ca","10":"category-seccion-ca","11":"category-vilamarxant-ca","12":"tag-valamarxant"},"_links":{"self":[{"href":"https:\/\/www.tucomarca.com\/wordpress\/segunda\/ca\/wp-json\/wp\/v2\/posts\/95234","targetHints":{"allow":["GET"]}}],"collection":[{"href":"https:\/\/www.tucomarca.com\/wordpress\/segunda\/ca\/wp-json\/wp\/v2\/posts"}],"about":[{"href":"https:\/\/www.tucomarca.com\/wordpress\/segunda\/ca\/wp-json\/wp\/v2\/types\/post"}],"author":[{"embeddable":true,"href":"https:\/\/www.tucomarca.com\/wordpress\/segunda\/ca\/wp-json\/wp\/v2\/users\/12"}],"replies":[{"embeddable":true,"href":"https:\/\/www.tucomarca.com\/wordpress\/segunda\/ca\/wp-json\/wp\/v2\/comments?post=95234"}],"version-history":[{"count":0,"href":"https:\/\/www.tucomarca.com\/wordpress\/segunda\/ca\/wp-json\/wp\/v2\/posts\/95234\/revisions"}],"wp:featuredmedia":[{"embeddable":true,"href":"https:\/\/www.tucomarca.com\/wordpress\/segunda\/ca\/wp-json\/wp\/v2\/media\/95233"}],"wp:attachment":[{"href":"https:\/\/www.tucomarca.com\/wordpress\/segunda\/ca\/wp-json\/wp\/v2\/media?parent=95234"}],"wp:term":[{"taxonomy":"category","embeddable":true,"href":"https:\/\/www.tucomarca.com\/wordpress\/segunda\/ca\/wp-json\/wp\/v2\/categories?post=95234"},{"taxonomy":"post_tag","embeddable":true,"href":"https:\/\/www.tucomarca.com\/wordpress\/segunda\/ca\/wp-json\/wp\/v2\/tags?post=95234"}],"curies":[{"name":"wp","href":"https:\/\/api.w.org\/{rel}","templated":true}]}}