{"id":95244,"date":"2019-11-04T20:40:33","date_gmt":"2019-11-04T18:40:33","guid":{"rendered":"http:\/\/www.tucomarca.com\/wordpress\/segunda\/?p=95244"},"modified":"2019-11-04T20:40:36","modified_gmt":"2019-11-04T18:40:36","slug":"lajuntament-dutiel-convoca-ajudes-al-transport-i-residencia-per-a-estudiants-empadronats-al-municipi","status":"publish","type":"post","link":"https:\/\/www.tucomarca.com\/wordpress\/segunda\/ca\/lajuntament-dutiel-convoca-ajudes-al-transport-i-residencia-per-a-estudiants-empadronats-al-municipi\/","title":{"rendered":"L&#8217;Ajuntament d&#8217;Utiel convoca ajudes al transport i resid\u00e8ncia per a estudiants empadronats al municipi"},"content":{"rendered":"\n<p><strong>Els estudiants que cursen estudis reglats fora de la localitat poden presentar les sol\u00b7licituds fins al 30 de novembre<\/strong><\/p>\n\n\n\n<p>L&#8217;Ajuntament d&#8217;Utiel ha aprovat la concessi\u00f3 de 10.000 \u20ac en ajudes destinades a sufragar despeses de despla\u00e7ament o resid\u00e8ncia per a estudiants empadronats al municipi que cursin ensenyaments universitaris, Formaci\u00f3 Professional o ensenyaments art\u00edstics superiors que no s&#8217;imparteixin a Utiel.<\/p>\n\n\n\n<p>En concret les beques van destinades a sufragar les despeses de despla\u00e7ament i \/ o resid\u00e8ncia d&#8217;estudiants utielanos que cursin estudis reglats fora de la localitat.<\/p>\n\n\n\n<p>Per accedir a aquests ajuts, els sol\u00b7licitants han d&#8217;estar empadronats a Utiel i estar matriculats en el curs acad\u00e8mic 2019\/2020 en ensenyaments de r\u00e8gim presencial per a les que no existisca oferta formativa a Utiel.<\/p>\n\n\n\n<p>En les sol\u00b7licituds es tindr\u00e0 en compte el nivell de renda, circumst\u00e0ncies sociofamiliars, aix\u00ed com qualificacions acad\u00e8miques del curs anterior entre altres requisits de baremaci\u00f3.<\/p>\n\n\n\n<p>En total la partida pressupost\u00e0ria ascendeix a 10.000 \u20ac i la quantia de la beca estar\u00e0 determinada en funci\u00f3 de la dist\u00e0ncia a centre d&#8217;estudis i a el nombre de sol\u00b7licituds rebudes, sent l&#8217;import m\u00e0xim de les ajudes 300 \u20ac anuals per estudiant.<\/p>\n\n\n\n<p>El termini per presentar les sol\u00b7licituds en el registre general de l&#8217;Ajuntament d&#8217;Utiel finalitza el 30 de novembre i les bases i el model de sol\u00b7licitud es poden descarregar en www.utiel.es.<\/p>\n\n\n\n<p>Amb aquesta convocat\u00f2ria, la Regidoria d&#8217;Educaci\u00f3 de l&#8217;Ajuntament d&#8217;Utiel vol donar suport als estudiants residents a Utiel sufragant part de les despeses derivades de l&#8217;acc\u00e9s a l&#8217;ensenyament en altres centres ubicats fora del municipi.<\/p>\n","protected":false},"excerpt":{"rendered":"<div class=\"mh-excerpt\">Els estudiants que cursen estudis reglats fora de la localitat poden presentar les sol\u00b7licituds fins al 30 de novembre L&#8217;Ajuntament d&#8217;Utiel ha aprovat la concessi\u00f3 de 10.000 \u20ac en ajudes destinades a sufragar despeses de <a class=\"mh-excerpt-more\" href=\"https:\/\/www.tucomarca.com\/wordpress\/segunda\/ca\/lajuntament-dutiel-convoca-ajudes-al-transport-i-residencia-per-a-estudiants-empadronats-al-municipi\/\" title=\"L&#8217;Ajuntament d&#8217;Utiel convoca ajudes al transport i resid\u00e8ncia per a estudiants empadronats al municipi\">[+] <\/a><\/div>\n","protected":false},"author":12,"featured_media":95241,"comment_status":"open","ping_status":"open","sticky":false,"template":"","format":"standard","meta":{"footnotes":""},"categories":[10948,10894,10909,10896,11059],"tags":[10389],"class_list":{"0":"post-95244","1":"post","2":"type-post","3":"status-publish","4":"format-standard","5":"has-post-thumbnail","7":"category-infraestructuras-ca","8":"category-la-comarca-ca","9":"category-requena-utiel-ca","10":"category-seccion-ca","11":"category-utiel-ca","12":"tag-utiel"},"_links":{"self":[{"href":"https:\/\/www.tucomarca.com\/wordpress\/segunda\/ca\/wp-json\/wp\/v2\/posts\/95244","targetHints":{"allow":["GET"]}}],"collection":[{"href":"https:\/\/www.tucomarca.com\/wordpress\/segunda\/ca\/wp-json\/wp\/v2\/posts"}],"about":[{"href":"https:\/\/www.tucomarca.com\/wordpress\/segunda\/ca\/wp-json\/wp\/v2\/types\/post"}],"author":[{"embeddable":true,"href":"https:\/\/www.tucomarca.com\/wordpress\/segunda\/ca\/wp-json\/wp\/v2\/users\/12"}],"replies":[{"embeddable":true,"href":"https:\/\/www.tucomarca.com\/wordpress\/segunda\/ca\/wp-json\/wp\/v2\/comments?post=95244"}],"version-history":[{"count":0,"href":"https:\/\/www.tucomarca.com\/wordpress\/segunda\/ca\/wp-json\/wp\/v2\/posts\/95244\/revisions"}],"wp:featuredmedia":[{"embeddable":true,"href":"https:\/\/www.tucomarca.com\/wordpress\/segunda\/ca\/wp-json\/wp\/v2\/media\/95241"}],"wp:attachment":[{"href":"https:\/\/www.tucomarca.com\/wordpress\/segunda\/ca\/wp-json\/wp\/v2\/media?parent=95244"}],"wp:term":[{"taxonomy":"category","embeddable":true,"href":"https:\/\/www.tucomarca.com\/wordpress\/segunda\/ca\/wp-json\/wp\/v2\/categories?post=95244"},{"taxonomy":"post_tag","embeddable":true,"href":"https:\/\/www.tucomarca.com\/wordpress\/segunda\/ca\/wp-json\/wp\/v2\/tags?post=95244"}],"curies":[{"name":"wp","href":"https:\/\/api.w.org\/{rel}","templated":true}]}}