{"id":95250,"date":"2019-11-04T20:54:47","date_gmt":"2019-11-04T18:54:47","guid":{"rendered":"http:\/\/www.tucomarca.com\/wordpress\/segunda\/?p=95250"},"modified":"2019-11-04T20:54:56","modified_gmt":"2019-11-04T18:54:56","slug":"lalcalde-de-teresa-de-cofrents-es-reuneix-amb-el-president-de-la-diputacio","status":"publish","type":"post","link":"https:\/\/www.tucomarca.com\/wordpress\/segunda\/ca\/lalcalde-de-teresa-de-cofrents-es-reuneix-amb-el-president-de-la-diputacio\/","title":{"rendered":"L&#8217;alcalde de Teresa de Cofrents es reuneix amb el president de la Diputaci\u00f3"},"content":{"rendered":"\n<p>El president de la Diputaci\u00f3 de Val\u00e8ncia, Toni Gaspar, ha rebut aquest dilluns l&#8217;alcalde de Teresa de Cofrents, Francisco Cebri\u00e1n, a la seu central de la corporaci\u00f3 a la pla\u00e7a Manises. Al llarg de la trobada s&#8217;han abordat diferents assumptes relacionats amb el municipi de la Vall d&#8217;Ayora-Cofrents.<\/p>\n","protected":false},"excerpt":{"rendered":"<div class=\"mh-excerpt\">El president de la Diputaci\u00f3 de Val\u00e8ncia, Toni Gaspar, ha rebut aquest dilluns l&#8217;alcalde de Teresa de Cofrents, Francisco Cebri\u00e1n, a la seu central de la corporaci\u00f3 a la pla\u00e7a Manises. Al llarg de la <a class=\"mh-excerpt-more\" href=\"https:\/\/www.tucomarca.com\/wordpress\/segunda\/ca\/lalcalde-de-teresa-de-cofrents-es-reuneix-amb-el-president-de-la-diputacio\/\" title=\"L&#8217;alcalde de Teresa de Cofrents es reuneix amb el president de la Diputaci\u00f3\">[+] <\/a><\/div>\n","protected":false},"author":1,"featured_media":95247,"comment_status":"open","ping_status":"open","sticky":false,"template":"","format":"standard","meta":{"footnotes":""},"categories":[10951,10948,10894,10904,10947,10896,10958],"tags":[3677],"class_list":{"0":"post-95250","1":"post","2":"type-post","3":"status-publish","4":"format-standard","5":"has-post-thumbnail","7":"category-ayora-cofrentes-ca","8":"category-infraestructuras-ca","9":"category-la-comarca-ca","10":"category-sin-categorizar-ca","11":"category-politica","12":"category-seccion-ca","13":"category-teresa-de-cofrentes-ca","14":"tag-diputacio-de-valencia"},"_links":{"self":[{"href":"https:\/\/www.tucomarca.com\/wordpress\/segunda\/ca\/wp-json\/wp\/v2\/posts\/95250","targetHints":{"allow":["GET"]}}],"collection":[{"href":"https:\/\/www.tucomarca.com\/wordpress\/segunda\/ca\/wp-json\/wp\/v2\/posts"}],"about":[{"href":"https:\/\/www.tucomarca.com\/wordpress\/segunda\/ca\/wp-json\/wp\/v2\/types\/post"}],"author":[{"embeddable":true,"href":"https:\/\/www.tucomarca.com\/wordpress\/segunda\/ca\/wp-json\/wp\/v2\/users\/1"}],"replies":[{"embeddable":true,"href":"https:\/\/www.tucomarca.com\/wordpress\/segunda\/ca\/wp-json\/wp\/v2\/comments?post=95250"}],"version-history":[{"count":0,"href":"https:\/\/www.tucomarca.com\/wordpress\/segunda\/ca\/wp-json\/wp\/v2\/posts\/95250\/revisions"}],"wp:featuredmedia":[{"embeddable":true,"href":"https:\/\/www.tucomarca.com\/wordpress\/segunda\/ca\/wp-json\/wp\/v2\/media\/95247"}],"wp:attachment":[{"href":"https:\/\/www.tucomarca.com\/wordpress\/segunda\/ca\/wp-json\/wp\/v2\/media?parent=95250"}],"wp:term":[{"taxonomy":"category","embeddable":true,"href":"https:\/\/www.tucomarca.com\/wordpress\/segunda\/ca\/wp-json\/wp\/v2\/categories?post=95250"},{"taxonomy":"post_tag","embeddable":true,"href":"https:\/\/www.tucomarca.com\/wordpress\/segunda\/ca\/wp-json\/wp\/v2\/tags?post=95250"}],"curies":[{"name":"wp","href":"https:\/\/api.w.org\/{rel}","templated":true}]}}