{"id":95277,"date":"2019-11-04T21:01:07","date_gmt":"2019-11-04T19:01:07","guid":{"rendered":"http:\/\/www.tucomarca.com\/wordpress\/segunda\/?p=95277"},"modified":"2019-11-04T21:04:00","modified_gmt":"2019-11-04T19:04:00","slug":"toni-quintana-i-juncal-carrascosa-participen-en-lacte-de-campanya-electoral-del-pspv-psoe-a-bunyol","status":"publish","type":"post","link":"https:\/\/www.tucomarca.com\/wordpress\/segunda\/ca\/toni-quintana-i-juncal-carrascosa-participen-en-lacte-de-campanya-electoral-del-pspv-psoe-a-bunyol\/","title":{"rendered":"Toni Quintana i Juncal Carrascosa participen en l&#8217;acte de campanya electoral del PSPV-PSOE a Bunyol"},"content":{"rendered":"\n<p>Aquest dimarts, dia 5 de novembre, a les 19,30 hores i al sal\u00f3 de plens de l&#8217;Ajuntament de Bunyol dels socialistes locals realitzaran el seu acte central d&#8217;aquesta campanya electoral, pr\u00e8via a les Eleccions Generals del proper 10 de novembre.<\/p>\n\n\n\n<p>&#8220;El PSOE de Bunyol ve encadenant resultats positius en els \u00faltims comicis celebrats durant aquest any, quedant en primera posici\u00f3 tant en les eleccions generals i auton\u00f2miques del passat mes d&#8217;abril, com a les municipals i europees celebrades un mes despr\u00e9s&#8221;. En aquesta ocasi\u00f3 des del partit del puny i la rosa esperen &#8220;no nom\u00e9s mantenir els grans resultats, sin\u00f3 augmentar-los, a causa de la fragmentaci\u00f3 soferta en Podem, amb l&#8217;escissi\u00f3 liderada per \u00cd\u00f1igo Errej\u00f3n, com tamb\u00e9 per la divisi\u00f3 existent a la dreta, barallant-se entre ella per veure qui queda segona, descartant totes les enquestes una vict\u00f2ria electoral per qualsevol dels seus protagonistes i otorg\u00e1ndosela al partit de Pedro S\u00e1nchez &#8220;.<\/p>\n\n\n\n<p>&#8220;Una majoria m\u00e9s robusta que la de el passat mes d&#8217;abril per part dels socialistes, ajudar\u00e0 a donar forma a un govern progressista&#8221;, apunten des de les files socialistes, entenent aquests que aquest missatge \u00e9s el que tindran present els electors el proper 10 de novembre &#8220;per omplir de roses les urnes de tot Espanya&#8221;.<\/p>\n\n\n\n<p>L&#8217;acte que ser\u00e0 obert per la secretaria general municipal i alcaldessa socialista de la localitat des de 2017, Juncal Carrascosa, s&#8217;unir\u00e0 el diputat al Congr\u00e9s dels Diputats Toni Quintana.<\/p>\n","protected":false},"excerpt":{"rendered":"<div class=\"mh-excerpt\">Aquest dimarts, dia 5 de novembre, a les 19,30 hores i al sal\u00f3 de plens de l&#8217;Ajuntament de Bunyol dels socialistes locals realitzaran el seu acte central d&#8217;aquesta campanya electoral, pr\u00e8via a les Eleccions Generals <a class=\"mh-excerpt-more\" href=\"https:\/\/www.tucomarca.com\/wordpress\/segunda\/ca\/toni-quintana-i-juncal-carrascosa-participen-en-lacte-de-campanya-electoral-del-pspv-psoe-a-bunyol\/\" title=\"Toni Quintana i Juncal Carrascosa participen en l&#8217;acte de campanya electoral del PSPV-PSOE a Bunyol\">[+] <\/a><\/div>\n","protected":false},"author":12,"featured_media":85533,"comment_status":"open","ping_status":"open","sticky":false,"template":"","format":"standard","meta":{"footnotes":""},"categories":[11019,10911,10894,10912,10947,10896],"tags":[11380],"class_list":{"0":"post-95277","1":"post","2":"type-post","3":"status-publish","4":"format-standard","5":"has-post-thumbnail","7":"category-agenda-ca","8":"category-bunol-ca","9":"category-la-comarca-ca","10":"category-la-hoya-ca","11":"category-politica","12":"category-seccion-ca","13":"tag-pspv-psoe-bunol"},"_links":{"self":[{"href":"https:\/\/www.tucomarca.com\/wordpress\/segunda\/ca\/wp-json\/wp\/v2\/posts\/95277","targetHints":{"allow":["GET"]}}],"collection":[{"href":"https:\/\/www.tucomarca.com\/wordpress\/segunda\/ca\/wp-json\/wp\/v2\/posts"}],"about":[{"href":"https:\/\/www.tucomarca.com\/wordpress\/segunda\/ca\/wp-json\/wp\/v2\/types\/post"}],"author":[{"embeddable":true,"href":"https:\/\/www.tucomarca.com\/wordpress\/segunda\/ca\/wp-json\/wp\/v2\/users\/12"}],"replies":[{"embeddable":true,"href":"https:\/\/www.tucomarca.com\/wordpress\/segunda\/ca\/wp-json\/wp\/v2\/comments?post=95277"}],"version-history":[{"count":0,"href":"https:\/\/www.tucomarca.com\/wordpress\/segunda\/ca\/wp-json\/wp\/v2\/posts\/95277\/revisions"}],"wp:featuredmedia":[{"embeddable":true,"href":"https:\/\/www.tucomarca.com\/wordpress\/segunda\/ca\/wp-json\/wp\/v2\/media\/85533"}],"wp:attachment":[{"href":"https:\/\/www.tucomarca.com\/wordpress\/segunda\/ca\/wp-json\/wp\/v2\/media?parent=95277"}],"wp:term":[{"taxonomy":"category","embeddable":true,"href":"https:\/\/www.tucomarca.com\/wordpress\/segunda\/ca\/wp-json\/wp\/v2\/categories?post=95277"},{"taxonomy":"post_tag","embeddable":true,"href":"https:\/\/www.tucomarca.com\/wordpress\/segunda\/ca\/wp-json\/wp\/v2\/tags?post=95277"}],"curies":[{"name":"wp","href":"https:\/\/api.w.org\/{rel}","templated":true}]}}