{"id":95290,"date":"2019-11-04T21:15:53","date_gmt":"2019-11-04T19:15:53","guid":{"rendered":"http:\/\/www.tucomarca.com\/wordpress\/segunda\/?p=95290"},"modified":"2019-11-04T21:20:37","modified_gmt":"2019-11-04T19:20:37","slug":"paula-tuzon-destaca-a-antella-la-importancia-dels-paratges-naturals-municipals-com-a-espais-clau-per-a-ladaptacio-i-mitigacio-de-el-canvi-climatic","status":"publish","type":"post","link":"https:\/\/www.tucomarca.com\/wordpress\/segunda\/ca\/paula-tuzon-destaca-a-antella-la-importancia-dels-paratges-naturals-municipals-com-a-espais-clau-per-a-ladaptacio-i-mitigacio-de-el-canvi-climatic\/","title":{"rendered":"Paula Tuz\u00f3n destaca a Antella la import\u00e0ncia dels paratges naturals municipals &#8220;com a espais clau per a l&#8217;adaptaci\u00f3 i mitigaci\u00f3 de el canvi clim\u00e0tic&#8221;"},"content":{"rendered":"\n<p>La secret\u00e0ria auton\u00f2mica d&#8217;Emerg\u00e8ncia Clim\u00e0tica i Transici\u00f3 Ecol\u00f2gica, Paula Tuz\u00f3n, ha subratllat la import\u00e0ncia que t\u00e9 la figura de protecci\u00f3 paratges naturals municipals &#8220;com a espais claus per a l&#8217;adaptaci\u00f3 i mitigaci\u00f3 al canvi clim\u00e0tic&#8221;<\/p>\n\n\n\n<p>Paula Tuz\u00f3n s&#8217;ha expressat d&#8217;aquesta manera durant la visita que ha realitzat a la localitat d&#8217;Antella, en qu\u00e8 ha traslladat a la seva alcaldessa ia la corporaci\u00f3 municipal el criteri de conformitat -que suposa un pas endavant en el proc\u00e9s de tramitaci\u00f3-, despr\u00e9s del treball previ de la conselleria i el consistori, sobre el decret de declaraci\u00f3 de Paratge Natural Municipal de l&#8217;Assut d&#8217;Antella-Creueta Alta. Posteriorment la secret\u00e0ria auton\u00f2mica s&#8217;ha dirigit a l&#8217;enclavament de Ullals del Riu Verd, situat al terme municipal de Benimodo.<\/p>\n\n\n\n<p>La secret\u00e0ria auton\u00f2mica ha destacat que la figura de paratge natural municipal &#8220;\u00e9s una magn\u00edfica eina que contribueix a refor\u00e7ar la protecci\u00f3, ordenaci\u00f3 i gesti\u00f3 del patrimoni natural, cultural i social de les persones que viuen en aquests municipis&#8221;.<\/p>\n\n\n\n<p>Durant la seva visita a aquests llocs de gran valor ecol\u00f2gic i mediambiental, Paula Tuz\u00f3n ha estat acompanyada per l&#8217;alcaldessa d&#8217;Antella, Amparo Estarlich, i per l&#8217;alcalde de Benimodo, Francisco Terol.<\/p>\n\n\n\n<p>La secret\u00e0ria auton\u00f2mica d&#8217;Emerg\u00e8ncia Clim\u00e0tica ha recordat que els paratges naturals municipals s\u00f3n \u00e0rees amb especials valors naturals d&#8217;inter\u00e8s local que requereixen protecci\u00f3, conservaci\u00f3 i millora, i per aquest motiu &#8220;la col\u00b7laboraci\u00f3 entre els municipis i la conselleria es fa necess\u00e0ria per poder posar en marxa mesures que contribueixin a millorar la capacitat d&#8217;adaptaci\u00f3 als nous escenaris clim\u00e0tics dels ecosistemes i dels serveis que proporcionin &#8220;.<\/p>\n\n\n\n<p><strong>Assut d&#8217;Antella-Creueta Alta<\/strong><\/p>\n\n\n\n<p>Es tracta d&#8217;una zona de gran bellesa situada en l&#8217;\u00e0mbit format pel riu X\u00faquer i la muntanya Creueta Alta, al terme municipal d&#8217;Antella. Actualment el seu estat ecol\u00f2gic \u00e9s bastant heterogeni, d&#8217;una banda destaca la seva funci\u00f3 de refugi natural entre zones agr\u00edcoles, el que aporta biodiversitat i recer a diferents esp\u00e8cies, i d&#8217;altra banda, l&#8217;espai enquadrat a la zona de la ribera es troba incl\u00f2s en la xarxa Natura 2000, formant part del Lloc d&#8217;Inter\u00e8s Comunitari (LIC) Riu X\u00faquer.<\/p>\n\n\n\n<p>Aquest espai natural atrau diversos sectors socials que busquen un lloc d&#8217;oci en el qual poder gaudir del paisatge i la tranquil\u00b7litat o un espai recreatiu en el qual practicar esports a l&#8217;aire lliure.<\/p>\n\n\n\n<p><strong>Ullals del Riu Verd<\/strong><\/p>\n\n\n\n<p>Durant la seva visita a aquesta zona humida, Paula Tuz\u00f3n ha conegut de primera m\u00e0 els treballs de conservaci\u00f3 i gesti\u00f3 que s&#8217;estan duent a terme i que han perm\u00e8s que aquest espai afectat en l&#8217;any 2006 per un important episodi de dessecaci\u00f3, que va afectar greument els seus valors, s&#8217;estigui recuperant de forma satisfact\u00f2ria.<\/p>\n\n\n\n<p>Tuz\u00f3n ha reconegut &#8220;la important tasca de regeneraci\u00f3 ecol\u00f2gica que s&#8217;ha dut a terme, per part de la Conselleria d&#8217;Agricultura, Desenvolupament Rural, Emerg\u00e8ncia Clim\u00e0tica i Transici\u00f3 Ecol\u00f2gica, en aquest espai de tan alt valor mediambiental, i que ha perm\u00e8s la regeneraci\u00f3 de una de les fonts m\u00e9s valuosos del nostre territori &#8220;.<\/p>\n\n\n\n<p>Ullals del Riu Verd \u00e9s una de les fonts m\u00e9s cabalosos de la Comunitat Valenciana, generat per aflorament d&#8217;aigua de l&#8217;aq\u00fc\u00edfer del Mass\u00eds de Caroig, i es troba situat al terme municipal de Benimodo.<\/p>\n\n\n\n<p>Est\u00e0 protegit per diverses figures com les de paratge natural municipal, zona humida catalogada, Lloc d&#8217;Inter\u00e8s Comunitari i es troba incl\u00f2s a l&#8217;Espai Xarxa Natura 2000.<\/p>\n\n\n\n<p>L&#8217;espai protegit integra tant la zona de naixements (Ullals), com el primer tram de la llera del riu, al llarg d&#8217;aquest recorregut estan localitzades importants poblacions de flora amena\u00e7ada, com \u00e9s la falguera dels pantans. Actualment s&#8217;estan duent a terme treballs de reintroducci\u00f3 del nen\u00fafar, que estan donant resultats satisfactoris.<\/p>\n\n\n\n<p>Pel que fa a la fauna, cal destacar la pres\u00e8ncia de dues esp\u00e8cies de n\u00e0iades, Unio mancus i Potomida littoralis, ambdues objecte d&#8217;actuacions de seguiment i conservaci\u00f3, aix\u00ed com d&#8217;una bona poblaci\u00f3 de dues esp\u00e8cies de gambetes d&#8217;aigua dol\u00e7a.<\/p>\n","protected":false},"excerpt":{"rendered":"<div class=\"mh-excerpt\">La secret\u00e0ria auton\u00f2mica d&#8217;Emerg\u00e8ncia Clim\u00e0tica i Transici\u00f3 Ecol\u00f2gica, Paula Tuz\u00f3n, ha subratllat la import\u00e0ncia que t\u00e9 la figura de protecci\u00f3 paratges naturals municipals &#8220;com a espais claus per a l&#8217;adaptaci\u00f3 i mitigaci\u00f3 al canvi clim\u00e0tic&#8221; <a class=\"mh-excerpt-more\" href=\"https:\/\/www.tucomarca.com\/wordpress\/segunda\/ca\/paula-tuzon-destaca-a-antella-la-importancia-dels-paratges-naturals-municipals-com-a-espais-clau-per-a-ladaptacio-i-mitigacio-de-el-canvi-climatic\/\" title=\"Paula Tuz\u00f3n destaca a Antella la import\u00e0ncia dels paratges naturals municipals &#8220;com a espais clau per a l&#8217;adaptaci\u00f3 i mitigaci\u00f3 de el canvi clim\u00e0tic&#8221;\">[+] <\/a><\/div>\n","protected":false},"author":1,"featured_media":95288,"comment_status":"open","ping_status":"open","sticky":false,"template":"","format":"standard","meta":{"footnotes":""},"categories":[10984,10948,10894,10904,10902,10903,10947],"tags":[3640],"class_list":{"0":"post-95290","1":"post","2":"type-post","3":"status-publish","4":"format-standard","5":"has-post-thumbnail","7":"category-antella-ca","8":"category-infraestructuras-ca","9":"category-la-comarca-ca","10":"category-sin-categorizar-ca","11":"category-la-ribera-ca","12":"category-medio-ambiente-la-comarca-ca","13":"category-politica","14":"tag-la-ribera-alta"},"_links":{"self":[{"href":"https:\/\/www.tucomarca.com\/wordpress\/segunda\/ca\/wp-json\/wp\/v2\/posts\/95290","targetHints":{"allow":["GET"]}}],"collection":[{"href":"https:\/\/www.tucomarca.com\/wordpress\/segunda\/ca\/wp-json\/wp\/v2\/posts"}],"about":[{"href":"https:\/\/www.tucomarca.com\/wordpress\/segunda\/ca\/wp-json\/wp\/v2\/types\/post"}],"author":[{"embeddable":true,"href":"https:\/\/www.tucomarca.com\/wordpress\/segunda\/ca\/wp-json\/wp\/v2\/users\/1"}],"replies":[{"embeddable":true,"href":"https:\/\/www.tucomarca.com\/wordpress\/segunda\/ca\/wp-json\/wp\/v2\/comments?post=95290"}],"version-history":[{"count":0,"href":"https:\/\/www.tucomarca.com\/wordpress\/segunda\/ca\/wp-json\/wp\/v2\/posts\/95290\/revisions"}],"wp:featuredmedia":[{"embeddable":true,"href":"https:\/\/www.tucomarca.com\/wordpress\/segunda\/ca\/wp-json\/wp\/v2\/media\/95288"}],"wp:attachment":[{"href":"https:\/\/www.tucomarca.com\/wordpress\/segunda\/ca\/wp-json\/wp\/v2\/media?parent=95290"}],"wp:term":[{"taxonomy":"category","embeddable":true,"href":"https:\/\/www.tucomarca.com\/wordpress\/segunda\/ca\/wp-json\/wp\/v2\/categories?post=95290"},{"taxonomy":"post_tag","embeddable":true,"href":"https:\/\/www.tucomarca.com\/wordpress\/segunda\/ca\/wp-json\/wp\/v2\/tags?post=95290"}],"curies":[{"name":"wp","href":"https:\/\/api.w.org\/{rel}","templated":true}]}}