{"id":95315,"date":"2019-11-01T13:28:14","date_gmt":"2019-11-01T11:28:14","guid":{"rendered":"http:\/\/www.tucomarca.com\/wordpress\/segunda\/?p=95315"},"modified":"2019-11-05T13:29:39","modified_gmt":"2019-11-05T11:29:39","slug":"lajuntament-de-lliria-mostra-el-seu-agraiment-per-la-designacio-de-ciutat-creativa-de-la-musica-per-la-unesco","status":"publish","type":"post","link":"https:\/\/www.tucomarca.com\/wordpress\/segunda\/ca\/lajuntament-de-lliria-mostra-el-seu-agraiment-per-la-designacio-de-ciutat-creativa-de-la-musica-per-la-unesco\/","title":{"rendered":"L&#8217;Ajuntament de Ll\u00edria mostra el seu agra\u00efment per la designaci\u00f3 de Ciutat Creativa de la M\u00fasica per la Unesco"},"content":{"rendered":"\n<p>L&#8217;Ajuntament de Ll\u00edria volgut celebrar, amb una trobada intergeneracional de m\u00fasics, la designaci\u00f3 del municipi com a Ciutat Creativa de la M\u00fasica per la Unesco. Un dels grans pilars de la candidatura edetana era la formaci\u00f3 musical, pel que ha reunit al conservatori municipal a l&#8217;alumnat de banda del centre amb els m\u00fasics de la banda de jubilats UDP, en un acte p\u00fablic d&#8217;agra\u00efment a totes aquelles persones i entitats que han fet possible aquesta gran fita per al municipi.<\/p>\n\n\n\n<p>L&#8217;actuaci\u00f3 conjunta dels joves estudiants i gent gran ha servit per escenificar el gran patrimoni musical de la ciutat, fruit d&#8217;un llegat com\u00fa transm\u00e8s de generaci\u00f3 en generaci\u00f3.<\/p>\n\n\n\n<p>L&#8217;acte ha comptat amb la pres\u00e8ncia de la corporaci\u00f3 municipal i de representants de les societats musicals de la localitat, aix\u00ed com del consell assessor de la candidatura. En el mateix, l&#8217;alcalde Manolo Civera ha llegit una declaraci\u00f3 institucional d&#8217;agra\u00efment i reconeixement a la societat edetana i el seu extraordinari moviment musical.<\/p>\n","protected":false},"excerpt":{"rendered":"<div class=\"mh-excerpt\">L&#8217;Ajuntament de Ll\u00edria volgut celebrar, amb una trobada intergeneracional de m\u00fasics, la designaci\u00f3 del municipi com a Ciutat Creativa de la M\u00fasica per la Unesco. Un dels grans pilars de la candidatura edetana era la <a class=\"mh-excerpt-more\" href=\"https:\/\/www.tucomarca.com\/wordpress\/segunda\/ca\/lajuntament-de-lliria-mostra-el-seu-agraiment-per-la-designacio-de-ciutat-creativa-de-la-musica-per-la-unesco\/\" title=\"L&#8217;Ajuntament de Ll\u00edria mostra el seu agra\u00efment per la designaci\u00f3 de Ciutat Creativa de la M\u00fasica per la Unesco\">[+] <\/a><\/div>\n","protected":false},"author":1,"featured_media":95312,"comment_status":"open","ping_status":"open","sticky":false,"template":"","format":"standard","meta":{"footnotes":""},"categories":[10892,11005,10898,10894,10904,10928,11007,10896],"tags":[],"class_list":{"0":"post-95315","1":"post","2":"type-post","3":"status-publish","4":"format-standard","5":"has-post-thumbnail","7":"category-camp-de-turia-ca","8":"category-canal-musica","9":"category-ventana-ca","10":"category-la-comarca-ca","11":"category-sin-categorizar-ca","12":"category-lliria-ca","13":"category-ocio-y-cultura-ca","14":"category-seccion-ca"},"_links":{"self":[{"href":"https:\/\/www.tucomarca.com\/wordpress\/segunda\/ca\/wp-json\/wp\/v2\/posts\/95315","targetHints":{"allow":["GET"]}}],"collection":[{"href":"https:\/\/www.tucomarca.com\/wordpress\/segunda\/ca\/wp-json\/wp\/v2\/posts"}],"about":[{"href":"https:\/\/www.tucomarca.com\/wordpress\/segunda\/ca\/wp-json\/wp\/v2\/types\/post"}],"author":[{"embeddable":true,"href":"https:\/\/www.tucomarca.com\/wordpress\/segunda\/ca\/wp-json\/wp\/v2\/users\/1"}],"replies":[{"embeddable":true,"href":"https:\/\/www.tucomarca.com\/wordpress\/segunda\/ca\/wp-json\/wp\/v2\/comments?post=95315"}],"version-history":[{"count":0,"href":"https:\/\/www.tucomarca.com\/wordpress\/segunda\/ca\/wp-json\/wp\/v2\/posts\/95315\/revisions"}],"wp:featuredmedia":[{"embeddable":true,"href":"https:\/\/www.tucomarca.com\/wordpress\/segunda\/ca\/wp-json\/wp\/v2\/media\/95312"}],"wp:attachment":[{"href":"https:\/\/www.tucomarca.com\/wordpress\/segunda\/ca\/wp-json\/wp\/v2\/media?parent=95315"}],"wp:term":[{"taxonomy":"category","embeddable":true,"href":"https:\/\/www.tucomarca.com\/wordpress\/segunda\/ca\/wp-json\/wp\/v2\/categories?post=95315"},{"taxonomy":"post_tag","embeddable":true,"href":"https:\/\/www.tucomarca.com\/wordpress\/segunda\/ca\/wp-json\/wp\/v2\/tags?post=95315"}],"curies":[{"name":"wp","href":"https:\/\/api.w.org\/{rel}","templated":true}]}}