{"id":95514,"date":"2019-11-11T14:47:35","date_gmt":"2019-11-11T12:47:35","guid":{"rendered":"http:\/\/www.tucomarca.com\/wordpress\/segunda\/?p=95514"},"modified":"2019-11-11T14:47:42","modified_gmt":"2019-11-11T12:47:42","slug":"la-guardia-civil-auxilia-un-home-que-estava-atrapat-en-una-cova-de-la-localitat-de-tous","status":"publish","type":"post","link":"https:\/\/www.tucomarca.com\/wordpress\/segunda\/ca\/la-guardia-civil-auxilia-un-home-que-estava-atrapat-en-una-cova-de-la-localitat-de-tous\/","title":{"rendered":"La Gu\u00e0rdia Civil auxilia un home que estava atrapat en una cova de la localitat de Tous"},"content":{"rendered":"\n<p>La Gu\u00e0rdia Civil de Val\u00e8ncia va tenir coneixement que un home es trobava atrapat sense poder sortir d&#8217;una cova de la localitat de Tous el passat dia 5 de novembre.<\/p>\n\n\n\n<p>Immediatament efectius de la Gu\u00e0rdia Civil de Carlet es van despla\u00e7ar fins a la zona on se situava aquesta persona, per iniciar auxili.<\/p>\n\n\n\n<p>Despr\u00e9s d&#8217;aconseguir arribar fins a la seva ubicaci\u00f3, es va comprovar que havia caigut dins de la cova d&#8217;on no podia sortir.<\/p>\n\n\n\n<p>Els agents van poder parlar amb ell per saber el seu estat, informant que nom\u00e9s tenia lesions lleus a conseq\u00fc\u00e8ncia de la caiguda.<\/p>\n\n\n\n<p>Un cop avaluada la situaci\u00f3 dels agents es van introduir mig cos en el forat agafant pels bra\u00e7os fins a aconseguir treure-ho de la mateixa.<\/p>\n\n\n\n<p>Un cop fora presentava lesions de car\u00e0cter lleu per la caiguda, procedint escalonadament a el descens de la muntanya amb el ferit, fins als vehicles aproximadament un quil\u00f2metre de dist\u00e0ncia, d&#8217;aquesta traslladat a Centre m\u00e8dic de Carlet per un familiar per a una revisi\u00f3 m\u00e8dica.<\/p>\n\n\n\n<p>Gr\u00e0cies a la professionalitat i determinaci\u00f3 que van demostrar els participants en aquesta actuaci\u00f3 van aconseguir auxiliar a aquesta persona home de 38 anys, evitant aix\u00ed un mal major.<\/p>\n","protected":false},"excerpt":{"rendered":"<div class=\"mh-excerpt\">La Gu\u00e0rdia Civil de Val\u00e8ncia va tenir coneixement que un home es trobava atrapat sense poder sortir d&#8217;una cova de la localitat de Tous el passat dia 5 de novembre. Immediatament efectius de la Gu\u00e0rdia <a class=\"mh-excerpt-more\" href=\"https:\/\/www.tucomarca.com\/wordpress\/segunda\/ca\/la-guardia-civil-auxilia-un-home-que-estava-atrapat-en-una-cova-de-la-localitat-de-tous\/\" title=\"La Gu\u00e0rdia Civil auxilia un home que estava atrapat en una cova de la localitat de Tous\">[+] <\/a><\/div>\n","protected":false},"author":1,"featured_media":95512,"comment_status":"open","ping_status":"open","sticky":false,"template":"","format":"standard","meta":{"footnotes":""},"categories":[10894,10902,10896,10897,11048],"tags":[3640,11077],"class_list":{"0":"post-95514","1":"post","2":"type-post","3":"status-publish","4":"format-standard","5":"has-post-thumbnail","7":"category-la-comarca-ca","8":"category-la-ribera-ca","9":"category-seccion-ca","10":"category-sucesos-la-comarca-ca","11":"category-tous-ca","12":"tag-la-ribera-alta","13":"tag-la-ribera-alta-ca"},"_links":{"self":[{"href":"https:\/\/www.tucomarca.com\/wordpress\/segunda\/ca\/wp-json\/wp\/v2\/posts\/95514","targetHints":{"allow":["GET"]}}],"collection":[{"href":"https:\/\/www.tucomarca.com\/wordpress\/segunda\/ca\/wp-json\/wp\/v2\/posts"}],"about":[{"href":"https:\/\/www.tucomarca.com\/wordpress\/segunda\/ca\/wp-json\/wp\/v2\/types\/post"}],"author":[{"embeddable":true,"href":"https:\/\/www.tucomarca.com\/wordpress\/segunda\/ca\/wp-json\/wp\/v2\/users\/1"}],"replies":[{"embeddable":true,"href":"https:\/\/www.tucomarca.com\/wordpress\/segunda\/ca\/wp-json\/wp\/v2\/comments?post=95514"}],"version-history":[{"count":0,"href":"https:\/\/www.tucomarca.com\/wordpress\/segunda\/ca\/wp-json\/wp\/v2\/posts\/95514\/revisions"}],"wp:featuredmedia":[{"embeddable":true,"href":"https:\/\/www.tucomarca.com\/wordpress\/segunda\/ca\/wp-json\/wp\/v2\/media\/95512"}],"wp:attachment":[{"href":"https:\/\/www.tucomarca.com\/wordpress\/segunda\/ca\/wp-json\/wp\/v2\/media?parent=95514"}],"wp:term":[{"taxonomy":"category","embeddable":true,"href":"https:\/\/www.tucomarca.com\/wordpress\/segunda\/ca\/wp-json\/wp\/v2\/categories?post=95514"},{"taxonomy":"post_tag","embeddable":true,"href":"https:\/\/www.tucomarca.com\/wordpress\/segunda\/ca\/wp-json\/wp\/v2\/tags?post=95514"}],"curies":[{"name":"wp","href":"https:\/\/api.w.org\/{rel}","templated":true}]}}