{"id":95587,"date":"2019-11-12T11:44:17","date_gmt":"2019-11-12T09:44:17","guid":{"rendered":"http:\/\/www.tucomarca.com\/wordpress\/segunda\/?p=95587"},"modified":"2019-11-12T11:44:26","modified_gmt":"2019-11-12T09:44:26","slug":"la-brass-band-del-cim-la-armonica-participa-en-el-concert-inaugural-de-santa-cecilia-a-rafelbunyol","status":"publish","type":"post","link":"https:\/\/www.tucomarca.com\/wordpress\/segunda\/ca\/la-brass-band-del-cim-la-armonica-participa-en-el-concert-inaugural-de-santa-cecilia-a-rafelbunyol\/","title":{"rendered":"La Brass Band del CIM \u00abLa Arm\u00f3nica\u00bb participa en el concert inaugural de Santa Cec\u00edlia a Rafelbunyol"},"content":{"rendered":"\n<p>Dissabte passat 9 de novembre, la Brass Band de \u00abLa Arm\u00f3nica\u00bb va participar en el concert inaugural de Santa Cec\u00edlia a Rafelbunyol. La primera part del concert va anar a c\u00e0rrec de l&#8217;acoblament de metalls de \u00abLa Arm\u00f3nica\u00bb, dirigit per Jos\u00e9 Tello Espert.<\/p>\n\n\n\n<p>En aquest, la banda va interpretar tres obres: la primera d&#8217;elles va ser la Marxa de l&#8217;amor de les tres taronges, de S. Prokofiev; a continuaci\u00f3, va sonar Un gran dia, de l&#8217;compositor valenci\u00e0 Pascual Piqueras i per finalitzar, la Brass Band litrera va interpretar Fire in the Blood, obra de P. Lovatt-Cooper. La segona part va venir de la m\u00e0 de l&#8217;Ensemble de metalls de la SM La Primitiva, de la localitat amfitriona.<\/p>\n\n\n\n<p>El concert va ser de el gust de el p\u00fablic, qui va gaudir amb la interpretaci\u00f3 dels metalls de \u00abLa Arm\u00f3nica\u00bb que va mostrar el gran nivell dels seus m\u00fasics. La Brass Band continuar\u00e0 amb les seues actuacions en Nadal al Palacio de la M\u00fasica.<\/p>\n","protected":false},"excerpt":{"rendered":"<div class=\"mh-excerpt\">Dissabte passat 9 de novembre, la Brass Band de \u00abLa Arm\u00f3nica\u00bb va participar en el concert inaugural de Santa Cec\u00edlia a Rafelbunyol. La primera part del concert va anar a c\u00e0rrec de l&#8217;acoblament de metalls <a class=\"mh-excerpt-more\" href=\"https:\/\/www.tucomarca.com\/wordpress\/segunda\/ca\/la-brass-band-del-cim-la-armonica-participa-en-el-concert-inaugural-de-santa-cecilia-a-rafelbunyol\/\" title=\"La Brass Band del CIM \u00abLa Arm\u00f3nica\u00bb participa en el concert inaugural de Santa Cec\u00edlia a Rafelbunyol\">[+] <\/a><\/div>\n","protected":false},"author":12,"featured_media":95586,"comment_status":"open","ping_status":"open","sticky":false,"template":"","format":"standard","meta":{"footnotes":""},"categories":[10911,11005,10912,11007,10896],"tags":[10563],"class_list":{"0":"post-95587","1":"post","2":"type-post","3":"status-publish","4":"format-standard","5":"has-post-thumbnail","7":"category-bunol-ca","8":"category-canal-musica","9":"category-la-hoya-ca","10":"category-ocio-y-cultura-ca","11":"category-seccion-ca","12":"tag-cim-la-armonica-de-bunol"},"_links":{"self":[{"href":"https:\/\/www.tucomarca.com\/wordpress\/segunda\/ca\/wp-json\/wp\/v2\/posts\/95587","targetHints":{"allow":["GET"]}}],"collection":[{"href":"https:\/\/www.tucomarca.com\/wordpress\/segunda\/ca\/wp-json\/wp\/v2\/posts"}],"about":[{"href":"https:\/\/www.tucomarca.com\/wordpress\/segunda\/ca\/wp-json\/wp\/v2\/types\/post"}],"author":[{"embeddable":true,"href":"https:\/\/www.tucomarca.com\/wordpress\/segunda\/ca\/wp-json\/wp\/v2\/users\/12"}],"replies":[{"embeddable":true,"href":"https:\/\/www.tucomarca.com\/wordpress\/segunda\/ca\/wp-json\/wp\/v2\/comments?post=95587"}],"version-history":[{"count":0,"href":"https:\/\/www.tucomarca.com\/wordpress\/segunda\/ca\/wp-json\/wp\/v2\/posts\/95587\/revisions"}],"wp:featuredmedia":[{"embeddable":true,"href":"https:\/\/www.tucomarca.com\/wordpress\/segunda\/ca\/wp-json\/wp\/v2\/media\/95586"}],"wp:attachment":[{"href":"https:\/\/www.tucomarca.com\/wordpress\/segunda\/ca\/wp-json\/wp\/v2\/media?parent=95587"}],"wp:term":[{"taxonomy":"category","embeddable":true,"href":"https:\/\/www.tucomarca.com\/wordpress\/segunda\/ca\/wp-json\/wp\/v2\/categories?post=95587"},{"taxonomy":"post_tag","embeddable":true,"href":"https:\/\/www.tucomarca.com\/wordpress\/segunda\/ca\/wp-json\/wp\/v2\/tags?post=95587"}],"curies":[{"name":"wp","href":"https:\/\/api.w.org\/{rel}","templated":true}]}}