{"id":95629,"date":"2019-11-12T12:54:13","date_gmt":"2019-11-12T10:54:13","guid":{"rendered":"http:\/\/www.tucomarca.com\/wordpress\/segunda\/?p=95629"},"modified":"2019-11-12T12:54:22","modified_gmt":"2019-11-12T10:54:22","slug":"el-ix-congres-dhistoria-comarcal-es-celebra-aquest-cap-de-setmana-a-requena","status":"publish","type":"post","link":"https:\/\/www.tucomarca.com\/wordpress\/segunda\/ca\/el-ix-congres-dhistoria-comarcal-es-celebra-aquest-cap-de-setmana-a-requena\/","title":{"rendered":"El IX Congr\u00e9s d&#8217;Hist\u00f2ria Comarcal es celebra aquest cap de setmana a Requena"},"content":{"rendered":"\n<p>COMUNICACIONES<\/p>\n\n\n\n<p>Sota el lema &#8220;Poblaci\u00f3 i despoblaci\u00f3: aposta pel paisanatge&#8221;, l&#8217;IX Congr\u00e9s d&#8217;Hist\u00f2ria Comarcal tindr\u00e0 lloc els dies 15, 16 i 17 de novembre.<br>\nOrganitzat pel Centre d&#8217;Estudis Requenenses i el MI Ajuntament de Requena, l&#8217;IX Congr\u00e9s abordar\u00e0 mitjan\u00e7ant diferents pon\u00e8ncies i comunicacions una problem\u00e0tica que afecta de manera tan directa a la nostra comarca, al costat de la meitat del territori espanyol, amb la intenci\u00f3 d&#8217;afinar diagn\u00f2stics i oferir solucions.<br>\nEl tema \u00e9s de candent actualitat: l&#8217;Espanya Buida salta cada dia als mitjans de comunicaci\u00f3. Per aix\u00f2, des del CER, es pret\u00e9n oferir una perspectiva comarcal que ajudi a la comprensi\u00f3 i superaci\u00f3 de la xacra de la despoblaci\u00f3, amb solucions que siguin respectuoses amb el patrimoni mediambiental i hist\u00f2ric, i a el mateix temps amb alternatives humanes des del paisanatge, que \u00e9s el col\u00b7lectiu hum\u00e0 que coneix i estima el medi rural i continua preservant tot i les adversitats que sorgeixen de la situaci\u00f3 actual.<br>\nLes pon\u00e8ncies que es van a desenvolupar durant aquest esdeveniment s\u00f3n les seg\u00fcents:<br>\n-A les 17:30 hores de divendres 15 s&#8217;inaugurar\u00e0 aquesta IX edici\u00f3 a la seu de el Centre d&#8217;Estudis Requenenses, que \u00e9s l&#8217;Institut Tecnol\u00f2gic de Viticultura i Enologia.<br>\nAmb l&#8217;ep\u00edgraf &#8220;L&#8217;ajuda de la hist\u00f2ria&#8221;, en aquesta jornada inaugral intervindran:<br>\n-Mario S\u00e1nchez Gonz\u00e1lez, Alcalde de Requena, que inaugurar\u00e0 el congr\u00e9s, i i D. Ferm\u00edn Pardo Pardo, president de el Centre d&#8217;Estudis Requenenses. La sessi\u00f3 estar\u00e0 moderada per D. Jos\u00e9 Luis Mart\u00ednez Mart\u00ednez, secretari de l&#8217;CER, i contindr\u00e0 les seg\u00fcents comunicacions i pon\u00e8ncies:<br>\nPON\u00c8NCIA: Andreu Gin\u00e9s (Director t\u00e8cnic FEDINESPV) &#8211; Estudi i catalogaci\u00f3 de pobles abandonats: un projecte col\u00b7laboratiu.<br>\nCOMUNICACIONS:<br>\n-Ignacio Latorre- Gitanos a Requena: una aproximaci\u00f3 hist\u00f2rica.<br>\n-V\u00edctor Manuel Gal\u00e1n- \u00bfpredestinades a la despoblaci\u00f3? Requena-Soria, en una diagonal de l&#8217;Espanya buidada.<br>\n-Juan Carlos P\u00e9rez Garc\u00eda-Frontera, geografia i despoblaci\u00f3. Antecedents hist\u00f2rics dels processos actuals.<br>\n-Jaume Mart\u00ednez Ruiz i Carlos Javier G\u00f3mez-Repoblaci\u00f3 i despoblaci\u00f3 en un espai de frontera: el cas de Sinarcas (1304-2019).<br>\n-Carmen P\u00e9rez- Els despoblaments menors i els paisatges que generen.<br>\n-Vicente Mart\u00ednez Castillblanques- Els or\u00edgens dels llogarets de Cortes de Pallars.<br>\nDurant la sessi\u00f3 es projectaran fotografies sobre despoblats comarcans realitzades per l&#8217;Associaci\u00f3 Llum de Bobal.<\/p>\n\n\n\n<p>Dissabte 16 de novembre de el 2019.<br>\nSeu de Camporrobles (Centre d&#8217;Interpretaci\u00f3 del Mol\u00f3n).<br>\nSessi\u00f3 de dem\u00e0- Entendre el territori.<br>\nHora d&#8217;inici- 10.00 hores.<br>\nInauguraci\u00f3: D\u00aa Mar\u00eda Inmaculada Alemany Latorre, alcaldessa de Camporrobles, i D. Ferm\u00edn Pardo Pardo, president de l&#8217;CER.<br>\nSessi\u00f3 moderat per D. Eugenio Domingo Iranzo, membre de l&#8217;CER.<\/p>\n\n\n\n<p>PON\u00c8NCIA<br>\nJuan Piqueras (catedr\u00e0tic de Geografia de la Universitat de Val\u00e8ncia i membre de l&#8217;CER) &#8211; L&#8217;impacte de l&#8217;despoblament en el paisatge.<br>\nCOMUNICACIONS.<br>\nGerardo G\u00f3mez Ruiz La demografia de Camporrobles: de granja (1564) a llogaret amb aspiracions de villazgo en l&#8217;Antic R\u00e8gim.<br>\nFrancisco Arroyo Mart\u00ednez-L&#8217;envelliment de la poblaci\u00f3 comarcal a la fi de el segle XX.<br>\nVicente P\u00e9rez Vigo- Incid\u00e8ncia de la despoblaci\u00f3 en la desaparici\u00f3 de l&#8217;folklore.<br>\nMaria \u00c0ngels Novella i Yolanda Hern\u00e1ndez Soriano- La vinya, \u00bfpoblaci\u00f3 o despoblaci\u00f3?<br>\nM\u00aa Carmen Mart\u00ednez Hern\u00e1ndez- Viticultura i fixaci\u00f3 de la poblaci\u00f3 rural a Pascual Carri\u00f3n.<br>\nVISITA A CENTRE D&#8217;INTERPRETACI\u00d3 DEL MOL\u00d3N DE CAMPORROBLES I VI D&#8217;HONOR.<\/p>\n\n\n\n<p>Sessi\u00f3 de tarda-Estructurar el territori.<br>\nHora d&#8217;inici- 16.00 hores.<br>\nSessi\u00f3 moderada per D. Juan Carlos P\u00e9rez Garc\u00eda (membre de l&#8217;CER).<\/p>\n\n\n\n<p>PON\u00c8NCIA<br>\nFerm\u00edn Pardo (cronista oficial de Requena i president de l&#8217;CER) &#8211; Poblaci\u00f3 i despoblaci\u00f3 a la partida de Hortunas des del segle XVI.<br>\ncomunicacions-<br>\nRemeis Mart\u00ednez Garc\u00eda-Efectes de l&#8217;despoblament en enclavaments rurals i centres hist\u00f2rics de la comarca d&#8217;Utiel-Requena.<br>\nJos\u00e9 Rafael Ponce Iranzo- Reflexi\u00f3 territorial i demogr\u00e0fica de l&#8217;altipl\u00e0 d&#8217;Utiel-Requena.<br>\nCarlos Javier G\u00f3mez La poblaci\u00f3 disseminada d&#8217;Utiel: Colonitzaci\u00f3 i despoblaci\u00f3 d&#8217;un municipi.<br>\nVicente Garc\u00eda-Evoluci\u00f3 de la topon\u00edmia d&#8217;Utiel segons el pl\u00e0nol de 1927.<br>\nTom\u00e0s Pedraz- El patrimoni cultural com a fre a la despoblaci\u00f3.<\/p>\n\n\n\n<p>Diumenge 17 de novembre de el 2019.<br>\nSeu de Jaraguas (Centre Social) &#8211; Dignificar el territori.<br>\nHora d&#8217;inici- 10.00 hores.<br>\nINAUGURACI\u00d3 per D. Luis Francisco L\u00f3pez Yeves, alcalde de Venda de l&#8217;Moro; Sra Noelia Mart\u00ednez Crespo, alcaldessa ped\u00e0nia de Jaraguas i D. Ferm\u00edn Pardo Pardo, president de l&#8217;CER.<\/p>\n\n\n\n<p>Sessi\u00f3 moderada per D. Jos\u00e9 Alabau Montoya (membre de l&#8217;CER).<br> PON\u00c8NCIA<br> Luis Francisco L\u00f3pez Yeves (alcalde de Venda de l&#8217;Moro) &#8211; La preservaci\u00f3 dels serveis p\u00fablics al nostre medi.<br> COMUNICACIONS<br> Alfonso Garc\u00eda Rodr\u00edguez-Migracions, educaci\u00f3 i despoblament al terme de Requena (1750-2018).<\/p>\n\n\n\n<p>Diego Garc\u00eda Monteagudo- La despoblaci\u00f3 a Requena i els seus llogarets: la visi\u00f3 de la poblaci\u00f3 escolar.<br>\nJennifer Torres Padilla i Carlos Javier G\u00f3mez-Les tradicions i la despoblaci\u00f3. Els Isidros.<br>\nCarlos Mart\u00ednez Iniesta i Fernando Moya Mu\u00f1oz- La ribera de l&#8217;Cabriel i la devesa de Fuencaliente.<br>\nFidel Garc\u00eda Berlanga- La poblaci\u00f3 de la conca de l&#8217;Cabriel.<br>\nV\u00edctor Hern\u00e1ndez Ochando- Despoblaci\u00f3 i comer\u00e7: canvis en el teixit terciari de Requena.<br>\nJavier Gonz\u00e1lez Segurament El patrimoni arbori requenense: passat, present i futur dels nostres oms i omedes.<br>\nCONCLUSIONS DEL IX CONGR\u00c9S D&#8217;HIST\u00d2RIA COMARCAL I PROPOSTA DE TEMA PER AL X CONGR\u00c9S.<br>\nVI D&#8217;HONOR<br>\nVISITA GUIADA A Jaraguas I ELS SEUS SALINAS.<\/p>\n","protected":false},"excerpt":{"rendered":"<div class=\"mh-excerpt\">COMUNICACIONES Sota el lema &#8220;Poblaci\u00f3 i despoblaci\u00f3: aposta pel paisanatge&#8221;, l&#8217;IX Congr\u00e9s d&#8217;Hist\u00f2ria Comarcal tindr\u00e0 lloc els dies 15, 16 i 17 de novembre. Organitzat pel Centre d&#8217;Estudis Requenenses i el MI Ajuntament de Requena, <a class=\"mh-excerpt-more\" href=\"https:\/\/www.tucomarca.com\/wordpress\/segunda\/ca\/el-ix-congres-dhistoria-comarcal-es-celebra-aquest-cap-de-setmana-a-requena\/\" title=\"El IX Congr\u00e9s d&#8217;Hist\u00f2ria Comarcal es celebra aquest cap de setmana a Requena\">[+] <\/a><\/div>\n","protected":false},"author":1,"featured_media":95627,"comment_status":"open","ping_status":"open","sticky":false,"template":"","format":"standard","meta":{"footnotes":""},"categories":[11019,10908,10909,10896],"tags":[],"class_list":{"0":"post-95629","1":"post","2":"type-post","3":"status-publish","4":"format-standard","5":"has-post-thumbnail","7":"category-agenda-ca","8":"category-requena-ca","9":"category-requena-utiel-ca","10":"category-seccion-ca"},"_links":{"self":[{"href":"https:\/\/www.tucomarca.com\/wordpress\/segunda\/ca\/wp-json\/wp\/v2\/posts\/95629","targetHints":{"allow":["GET"]}}],"collection":[{"href":"https:\/\/www.tucomarca.com\/wordpress\/segunda\/ca\/wp-json\/wp\/v2\/posts"}],"about":[{"href":"https:\/\/www.tucomarca.com\/wordpress\/segunda\/ca\/wp-json\/wp\/v2\/types\/post"}],"author":[{"embeddable":true,"href":"https:\/\/www.tucomarca.com\/wordpress\/segunda\/ca\/wp-json\/wp\/v2\/users\/1"}],"replies":[{"embeddable":true,"href":"https:\/\/www.tucomarca.com\/wordpress\/segunda\/ca\/wp-json\/wp\/v2\/comments?post=95629"}],"version-history":[{"count":0,"href":"https:\/\/www.tucomarca.com\/wordpress\/segunda\/ca\/wp-json\/wp\/v2\/posts\/95629\/revisions"}],"wp:featuredmedia":[{"embeddable":true,"href":"https:\/\/www.tucomarca.com\/wordpress\/segunda\/ca\/wp-json\/wp\/v2\/media\/95627"}],"wp:attachment":[{"href":"https:\/\/www.tucomarca.com\/wordpress\/segunda\/ca\/wp-json\/wp\/v2\/media?parent=95629"}],"wp:term":[{"taxonomy":"category","embeddable":true,"href":"https:\/\/www.tucomarca.com\/wordpress\/segunda\/ca\/wp-json\/wp\/v2\/categories?post=95629"},{"taxonomy":"post_tag","embeddable":true,"href":"https:\/\/www.tucomarca.com\/wordpress\/segunda\/ca\/wp-json\/wp\/v2\/tags?post=95629"}],"curies":[{"name":"wp","href":"https:\/\/api.w.org\/{rel}","templated":true}]}}