{"id":95649,"date":"2019-11-12T12:59:55","date_gmt":"2019-11-12T10:59:55","guid":{"rendered":"http:\/\/www.tucomarca.com\/wordpress\/segunda\/?p=95649"},"modified":"2019-11-12T13:00:05","modified_gmt":"2019-11-12T11:00:05","slug":"fotogaleria-la-falla-ventas-de-bunyol-dona-a-coneixer-als-que-seran-els-seus-representants-infantils-per-al-2020","status":"publish","type":"post","link":"https:\/\/www.tucomarca.com\/wordpress\/segunda\/ca\/fotogaleria-la-falla-ventas-de-bunyol-dona-a-coneixer-als-que-seran-els-seus-representants-infantils-per-al-2020\/","title":{"rendered":"Fotogaleria: La Falla Ventas de Bunyol d\u00f3na a con\u00e8ixer als que seran els seus representants infantils per al 2020"},"content":{"rendered":"\n<p>Despr\u00e9s d&#8217;una suculenta berenar, la Fallera Major Infantil i el president infantil 2019, Miriam Carre\u00f1o rehues i Diego Solera Iniesta, van rebre a Estela L\u00f3pez Pall\u00e1s i Lu\u00eds L\u00f3pez Ferrer per nomenar com a representants de la Comissi\u00f3 Infantil per al proper any 2020.<\/p>\n\n\n\n<p>A continuaci\u00f3, l&#8217;artista faller Toni L\u00f3pez els va ensenyar a tots l&#8217;esb\u00f3s de la falla infantil de l&#8217;any que ve i els va obrir les portes del seu taller, on van poder veure com avan\u00e7a el proc\u00e9s de la falla.<\/p>\n\n\n\n<ul class=\"wp-block-gallery columns-2 is-cropped wp-block-gallery-1 is-layout-flex wp-block-gallery-is-layout-flex\"><li class=\"blocks-gallery-item\"><figure><img loading=\"lazy\" decoding=\"async\" width=\"965\" height=\"648\" src=\"http:\/\/www.tucomarca.com\/wordpress\/segunda\/wp-content\/uploads\/2019\/11\/01ventas.jpg\" alt=\"\" data-id=\"95634\" data-link=\"http:\/\/www.tucomarca.com\/wordpress\/segunda\/?attachment_id=95634\" class=\"wp-image-95634\" srcset=\"https:\/\/www.tucomarca.com\/wordpress\/segunda\/wp-content\/uploads\/2019\/11\/01ventas.jpg 965w, https:\/\/www.tucomarca.com\/wordpress\/segunda\/wp-content\/uploads\/2019\/11\/01ventas-300x201.jpg 300w, https:\/\/www.tucomarca.com\/wordpress\/segunda\/wp-content\/uploads\/2019\/11\/01ventas-768x516.jpg 768w\" sizes=\"auto, (max-width: 965px) 100vw, 965px\" \/><\/figure><\/li><li class=\"blocks-gallery-item\"><figure><img loading=\"lazy\" decoding=\"async\" width=\"965\" height=\"648\" src=\"http:\/\/www.tucomarca.com\/wordpress\/segunda\/wp-content\/uploads\/2019\/11\/02ventas.jpg\" alt=\"\" data-id=\"95636\" data-link=\"http:\/\/www.tucomarca.com\/wordpress\/segunda\/?attachment_id=95636\" class=\"wp-image-95636\" srcset=\"https:\/\/www.tucomarca.com\/wordpress\/segunda\/wp-content\/uploads\/2019\/11\/02ventas.jpg 965w, https:\/\/www.tucomarca.com\/wordpress\/segunda\/wp-content\/uploads\/2019\/11\/02ventas-300x201.jpg 300w, https:\/\/www.tucomarca.com\/wordpress\/segunda\/wp-content\/uploads\/2019\/11\/02ventas-768x516.jpg 768w\" sizes=\"auto, (max-width: 965px) 100vw, 965px\" \/><\/figure><\/li><li class=\"blocks-gallery-item\"><figure><img loading=\"lazy\" decoding=\"async\" width=\"965\" height=\"648\" src=\"http:\/\/www.tucomarca.com\/wordpress\/segunda\/wp-content\/uploads\/2019\/11\/03ventas.jpg\" alt=\"\" data-id=\"95638\" data-link=\"http:\/\/www.tucomarca.com\/wordpress\/segunda\/?attachment_id=95638\" class=\"wp-image-95638\" srcset=\"https:\/\/www.tucomarca.com\/wordpress\/segunda\/wp-content\/uploads\/2019\/11\/03ventas.jpg 965w, https:\/\/www.tucomarca.com\/wordpress\/segunda\/wp-content\/uploads\/2019\/11\/03ventas-300x201.jpg 300w, https:\/\/www.tucomarca.com\/wordpress\/segunda\/wp-content\/uploads\/2019\/11\/03ventas-768x516.jpg 768w\" sizes=\"auto, (max-width: 965px) 100vw, 965px\" \/><\/figure><\/li><li class=\"blocks-gallery-item\"><figure><img loading=\"lazy\" decoding=\"async\" width=\"965\" height=\"648\" src=\"http:\/\/www.tucomarca.com\/wordpress\/segunda\/wp-content\/uploads\/2019\/11\/04ventas-1.jpg\" alt=\"\" data-id=\"95640\" data-link=\"http:\/\/www.tucomarca.com\/wordpress\/segunda\/?attachment_id=95640\" class=\"wp-image-95640\" srcset=\"https:\/\/www.tucomarca.com\/wordpress\/segunda\/wp-content\/uploads\/2019\/11\/04ventas-1.jpg 965w, https:\/\/www.tucomarca.com\/wordpress\/segunda\/wp-content\/uploads\/2019\/11\/04ventas-1-300x201.jpg 300w, https:\/\/www.tucomarca.com\/wordpress\/segunda\/wp-content\/uploads\/2019\/11\/04ventas-1-768x516.jpg 768w\" sizes=\"auto, (max-width: 965px) 100vw, 965px\" \/><\/figure><\/li><li class=\"blocks-gallery-item\"><figure><img loading=\"lazy\" decoding=\"async\" width=\"965\" height=\"648\" src=\"http:\/\/www.tucomarca.com\/wordpress\/segunda\/wp-content\/uploads\/2019\/11\/05ventas.jpg\" alt=\"\" data-id=\"95643\" data-link=\"http:\/\/www.tucomarca.com\/wordpress\/segunda\/?attachment_id=95643\" class=\"wp-image-95643\" srcset=\"https:\/\/www.tucomarca.com\/wordpress\/segunda\/wp-content\/uploads\/2019\/11\/05ventas.jpg 965w, https:\/\/www.tucomarca.com\/wordpress\/segunda\/wp-content\/uploads\/2019\/11\/05ventas-300x201.jpg 300w, https:\/\/www.tucomarca.com\/wordpress\/segunda\/wp-content\/uploads\/2019\/11\/05ventas-768x516.jpg 768w\" sizes=\"auto, (max-width: 965px) 100vw, 965px\" \/><\/figure><\/li><\/ul>\n","protected":false},"excerpt":{"rendered":"<div class=\"mh-excerpt\">Despr\u00e9s d&#8217;una suculenta berenar, la Fallera Major Infantil i el president infantil 2019, Miriam Carre\u00f1o rehues i Diego Solera Iniesta, van rebre a Estela L\u00f3pez Pall\u00e1s i Lu\u00eds L\u00f3pez Ferrer per nomenar com a representants <a class=\"mh-excerpt-more\" href=\"https:\/\/www.tucomarca.com\/wordpress\/segunda\/ca\/fotogaleria-la-falla-ventas-de-bunyol-dona-a-coneixer-als-que-seran-els-seus-representants-infantils-per-al-2020\/\" title=\"Fotogaleria: La Falla Ventas de Bunyol d\u00f3na a con\u00e8ixer als que seran els seus representants infantils per al 2020\">[+] <\/a><\/div>\n","protected":false},"author":12,"featured_media":95633,"comment_status":"open","ping_status":"open","sticky":false,"template":"","format":"standard","meta":{"footnotes":""},"categories":[10911,10912,11004,11007,11008,10896],"tags":[10861,11894],"class_list":{"0":"post-95649","1":"post","2":"type-post","3":"status-publish","4":"format-standard","5":"has-post-thumbnail","7":"category-bunol-ca","8":"category-la-hoya-ca","9":"category-la-semana-en-imagenes-ca","10":"category-ocio-y-cultura-ca","11":"category-pueblos-en-fiestas-ca","12":"category-seccion-ca","13":"tag-falla-las-ventas-de-bunol","14":"tag-falla-las-ventas-de-bunol-ca"},"_links":{"self":[{"href":"https:\/\/www.tucomarca.com\/wordpress\/segunda\/ca\/wp-json\/wp\/v2\/posts\/95649","targetHints":{"allow":["GET"]}}],"collection":[{"href":"https:\/\/www.tucomarca.com\/wordpress\/segunda\/ca\/wp-json\/wp\/v2\/posts"}],"about":[{"href":"https:\/\/www.tucomarca.com\/wordpress\/segunda\/ca\/wp-json\/wp\/v2\/types\/post"}],"author":[{"embeddable":true,"href":"https:\/\/www.tucomarca.com\/wordpress\/segunda\/ca\/wp-json\/wp\/v2\/users\/12"}],"replies":[{"embeddable":true,"href":"https:\/\/www.tucomarca.com\/wordpress\/segunda\/ca\/wp-json\/wp\/v2\/comments?post=95649"}],"version-history":[{"count":0,"href":"https:\/\/www.tucomarca.com\/wordpress\/segunda\/ca\/wp-json\/wp\/v2\/posts\/95649\/revisions"}],"wp:featuredmedia":[{"embeddable":true,"href":"https:\/\/www.tucomarca.com\/wordpress\/segunda\/ca\/wp-json\/wp\/v2\/media\/95633"}],"wp:attachment":[{"href":"https:\/\/www.tucomarca.com\/wordpress\/segunda\/ca\/wp-json\/wp\/v2\/media?parent=95649"}],"wp:term":[{"taxonomy":"category","embeddable":true,"href":"https:\/\/www.tucomarca.com\/wordpress\/segunda\/ca\/wp-json\/wp\/v2\/categories?post=95649"},{"taxonomy":"post_tag","embeddable":true,"href":"https:\/\/www.tucomarca.com\/wordpress\/segunda\/ca\/wp-json\/wp\/v2\/tags?post=95649"}],"curies":[{"name":"wp","href":"https:\/\/api.w.org\/{rel}","templated":true}]}}