{"id":95674,"date":"2019-11-13T17:31:46","date_gmt":"2019-11-13T15:31:46","guid":{"rendered":"http:\/\/www.tucomarca.com\/wordpress\/segunda\/?p=95674"},"modified":"2019-11-13T17:31:54","modified_gmt":"2019-11-13T15:31:54","slug":"la-biblioteca-publica-de-bunyol-projecta-dos-documentals-sobre-la-memoria-historica-dins-el-v-festival-cinema-ciutada-compromes-de-acicom","status":"publish","type":"post","link":"https:\/\/www.tucomarca.com\/wordpress\/segunda\/ca\/la-biblioteca-publica-de-bunyol-projecta-dos-documentals-sobre-la-memoria-historica-dins-el-v-festival-cinema-ciutada-compromes-de-acicom\/","title":{"rendered":"La Biblioteca P\u00fablica de Bunyol projecta dos documentals sobre la mem\u00f2ria hist\u00f2rica dins el V Festival Cinema Ciutad\u00e0 Comprom\u00e9s de ACICOM"},"content":{"rendered":"\n<p>La Biblioteca P\u00fablica Municipal de Bunyol &#8220;Cronista Fernando Galarza&#8221; forma part de la V Festival Cinema Ciutad\u00e0 Comprom\u00e9s de ACICOM. Per aix\u00f2, es van a projectar dos documentals molt interessants sobre la mem\u00f2ria hist\u00f2rica: &#8220;Santiago Gapp: <\/p>\n\n\n\n<p>El sacerdot que es va enfrontar a Hitler&#8221; i &#8220;Lladres de vides: nens robats a la Comunitat Valenciana&#8221;, hui 13 de novembre, a les 19,00 hores a la Sala Raga.<\/p>\n","protected":false},"excerpt":{"rendered":"<div class=\"mh-excerpt\">La Biblioteca P\u00fablica Municipal de Bunyol &#8220;Cronista Fernando Galarza&#8221; forma part de la V Festival Cinema Ciutad\u00e0 Comprom\u00e9s de ACICOM. Per aix\u00f2, es van a projectar dos documentals molt interessants sobre la mem\u00f2ria hist\u00f2rica: &#8220;Santiago <a class=\"mh-excerpt-more\" href=\"https:\/\/www.tucomarca.com\/wordpress\/segunda\/ca\/la-biblioteca-publica-de-bunyol-projecta-dos-documentals-sobre-la-memoria-historica-dins-el-v-festival-cinema-ciutada-compromes-de-acicom\/\" title=\"La Biblioteca P\u00fablica de Bunyol projecta dos documentals sobre la mem\u00f2ria hist\u00f2rica dins el V Festival Cinema Ciutad\u00e0 Comprom\u00e9s de ACICOM\">[+] <\/a><\/div>\n","protected":false},"author":12,"featured_media":95673,"comment_status":"open","ping_status":"open","sticky":false,"template":"","format":"standard","meta":{"footnotes":""},"categories":[11019,10911,10912,10896],"tags":[546],"class_list":{"0":"post-95674","1":"post","2":"type-post","3":"status-publish","4":"format-standard","5":"has-post-thumbnail","7":"category-agenda-ca","8":"category-bunol-ca","9":"category-la-hoya-ca","10":"category-seccion-ca","11":"tag-biblioteca-bunol"},"_links":{"self":[{"href":"https:\/\/www.tucomarca.com\/wordpress\/segunda\/ca\/wp-json\/wp\/v2\/posts\/95674","targetHints":{"allow":["GET"]}}],"collection":[{"href":"https:\/\/www.tucomarca.com\/wordpress\/segunda\/ca\/wp-json\/wp\/v2\/posts"}],"about":[{"href":"https:\/\/www.tucomarca.com\/wordpress\/segunda\/ca\/wp-json\/wp\/v2\/types\/post"}],"author":[{"embeddable":true,"href":"https:\/\/www.tucomarca.com\/wordpress\/segunda\/ca\/wp-json\/wp\/v2\/users\/12"}],"replies":[{"embeddable":true,"href":"https:\/\/www.tucomarca.com\/wordpress\/segunda\/ca\/wp-json\/wp\/v2\/comments?post=95674"}],"version-history":[{"count":0,"href":"https:\/\/www.tucomarca.com\/wordpress\/segunda\/ca\/wp-json\/wp\/v2\/posts\/95674\/revisions"}],"wp:featuredmedia":[{"embeddable":true,"href":"https:\/\/www.tucomarca.com\/wordpress\/segunda\/ca\/wp-json\/wp\/v2\/media\/95673"}],"wp:attachment":[{"href":"https:\/\/www.tucomarca.com\/wordpress\/segunda\/ca\/wp-json\/wp\/v2\/media?parent=95674"}],"wp:term":[{"taxonomy":"category","embeddable":true,"href":"https:\/\/www.tucomarca.com\/wordpress\/segunda\/ca\/wp-json\/wp\/v2\/categories?post=95674"},{"taxonomy":"post_tag","embeddable":true,"href":"https:\/\/www.tucomarca.com\/wordpress\/segunda\/ca\/wp-json\/wp\/v2\/tags?post=95674"}],"curies":[{"name":"wp","href":"https:\/\/api.w.org\/{rel}","templated":true}]}}