{"id":95722,"date":"2019-11-13T19:29:19","date_gmt":"2019-11-13T17:29:19","guid":{"rendered":"http:\/\/www.tucomarca.com\/wordpress\/segunda\/?p=95722"},"modified":"2019-11-13T19:29:27","modified_gmt":"2019-11-13T17:29:27","slug":"riba-roja-aprova-la-creacio-dun-consell-local-per-a-implantar-lagenda-2030-i-convida-a-tots-els-agents-socials-a-participar","status":"publish","type":"post","link":"https:\/\/www.tucomarca.com\/wordpress\/segunda\/ca\/riba-roja-aprova-la-creacio-dun-consell-local-per-a-implantar-lagenda-2030-i-convida-a-tots-els-agents-socials-a-participar\/","title":{"rendered":"Riba-roja aprova la creaci\u00f3 d&#8217;un Consell Local per a implantar l&#8217;Agenda 2030 i convida a tots els agents socials a participar"},"content":{"rendered":"\n<p><strong>El ple se suma a les iniciatives impulsades des de Planificaci\u00f3 Estrat\u00e8gica<\/strong><\/p>\n\n\n\n<p>El ple de l&#8217;Ajuntament de Riba-roja de T\u00faria ha aprovat per unanimitat una proposta de l&#8217;equip de govern de l&#8217;PSPV per crear un Consell Local que permeti la implantaci\u00f3 de l&#8217;Agenda 2030 a la localitat amb l&#8217;objectiu de desenvolupar pol\u00edtiques i plans encaminats a un major respecte sobre el nostre medi ambient i una major just\u00edcia social i econ\u00f2mica.<\/p>\n\n\n\n<p>La proposta ratificada pel ple \u00e9s una iniciativa pionera de la Regidoria de Planificaci\u00f3 Estrat\u00e8gica de l&#8217;Ajuntament de Riba-roja de T\u00faria que pret\u00e9n dur a terme l&#8217;elaboraci\u00f3 i el desenvolupament dels 17 objectius de desenvolupament sostenible continguts en el Pla Estrat\u00e8gic Participat que l&#8217;actual govern porta implementant des de l&#8217;anterior legislatura. La iniciativa ha comptat amb el suport de el Partit Popular, Ciutadans, Comprom\u00eds, Esquerra Unida i Vox, partits tots ells a l&#8217;oposici\u00f3 municipal.<\/p>\n\n\n\n<p>La creaci\u00f3 de el futur Consell Local de Riba-roja de T\u00faria, que ser\u00e0 una realitat plenament operativa en un termini m\u00e0xim de 90 dies, suposa un f\u00f2rum de trobada amb la resta de la societat, els actors socials i pol\u00edtics i la resta d&#8217;entitats implicades en el desenvolupament dels programes que ajudin a configurar els Objectius de desenvolupament Sostenible (ODS).<\/p>\n\n\n\n<p>Actualment, el desenvolupament sostenible, les necessitats en just\u00edcia social i la preservaci\u00f3 de l&#8217;clima s\u00f3n algunes de les q\u00fcestions pendents de resoldre en l&#8217;horitz\u00f3 m\u00e9s proper en l&#8217;\u00e0mbit d&#8217;un m\u00f3n globalitzat que ha q\u00fcestionat la realitat social a l&#8217;deixar a l&#8217;descobert que els recursos s\u00f3n limitats, el planeta \u00e9s limitat i, per tant, el temps tamb\u00e9 ho \u00e9s.<\/p>\n\n\n\n<p>Per tant, \u00e9s necess\u00e0ria una identificaci\u00f3 i una implicaci\u00f3 fefaent per part de tots els \u00e0mbits, tant les regions, les prov\u00edncies, les comarques, les comunitats i, especialment, els municipis, entre ells Riba-roja de T\u00faria. Nom\u00e9s des d&#8217;una visi\u00f3 pragm\u00e0tica i realista ser\u00e0 possible executar les pol\u00edtiques i els programes que permetin eradicar les disfuncions que actualment es viuen en diversos \u00e0mbits, tant socials com econ\u00f2mics que perjudiquen el desenvolupament sostenible.<\/p>\n\n\n\n<p>El Consell Local de Riba-roja respondr\u00e0 a la pluralitat emanada de la societat actual i estar\u00e0 integrat pels representants de tots els partits pol\u00edtics, els representants de les associacions, els sindicats, les associacions empresarials, els representants religiosos i totes aquelles entitats que tinguen propostes i iniciatives que aportar a el desenvolupament sostenible.<\/p>\n\n\n\n<p>El citat Consell Local tindr\u00e0, a m\u00e9s, com una de les seues funcions principals la divulgaci\u00f3 de totes les seues iniciatives i plans previstos a la resta de la societat, els representants socials i pol\u00edtiques. El seu objectiu \u00e9s afavorir un debat en el si de la societat local per conscienciar a totes les parts implicades i una prioritat cap als acords basats en la governan\u00e7a integrada i participativa.<\/p>\n\n\n\n<p>Una de les primeres mesures contingudes en el text aprovat pel ple municipal de Riba-roja de T\u00faria en el marc de l&#8217;Agenda 2030 i la implantaci\u00f3 dels Objectius de Desenvolupament Sostenible (ODS) passa per l&#8217;adhesi\u00f3 expl\u00edcita a la declaraci\u00f3 aprovada i comunicada de la XII Ple de la Federaci\u00f3 Espanyola de Municipis i Prov\u00edncies (FEMP).<\/p>\n\n\n\n<p>L&#8217;alcalde de Riba-roja, Robert Raga, ha expressat la seua satisfacci\u00f3 &#8220;per la unanimitat aconseguida en aquest acord plenari amb la resta de partits pol\u00edtics que suposa per al nostre municipi sumar-nos a la iniciativa de l&#8217;Agenda 2030 que ha de portar-nos a aconseguir una societat m\u00e9s justa, m\u00e9s solid\u00e0ria i amb una major responsabilitat en les pol\u00edtiques ambientals perqu\u00e8 el m\u00f3n tal com avui el coneixem Puga seguir sent pr\u00f2sper i sostenible &#8220;.<\/p>\n\n\n\n<p><br><\/p>\n","protected":false},"excerpt":{"rendered":"<div class=\"mh-excerpt\">El ple se suma a les iniciatives impulsades des de Planificaci\u00f3 Estrat\u00e8gica El ple de l&#8217;Ajuntament de Riba-roja de T\u00faria ha aprovat per unanimitat una proposta de l&#8217;equip de govern de l&#8217;PSPV per crear un <a class=\"mh-excerpt-more\" href=\"https:\/\/www.tucomarca.com\/wordpress\/segunda\/ca\/riba-roja-aprova-la-creacio-dun-consell-local-per-a-implantar-lagenda-2030-i-convida-a-tots-els-agents-socials-a-participar\/\" title=\"Riba-roja aprova la creaci\u00f3 d&#8217;un Consell Local per a implantar l&#8217;Agenda 2030 i convida a tots els agents socials a participar\">[+] <\/a><\/div>\n","protected":false},"author":12,"featured_media":95721,"comment_status":"open","ping_status":"open","sticky":false,"template":"","format":"standard","meta":{"footnotes":""},"categories":[10892,10898,10894,10947,10906,10896],"tags":[10631],"class_list":{"0":"post-95722","1":"post","2":"type-post","3":"status-publish","4":"format-standard","5":"has-post-thumbnail","7":"category-camp-de-turia-ca","8":"category-ventana-ca","9":"category-la-comarca-ca","10":"category-politica","11":"category-riba-roja-ca","12":"category-seccion-ca","13":"tag-ajuntament-de-riba-roja"},"_links":{"self":[{"href":"https:\/\/www.tucomarca.com\/wordpress\/segunda\/ca\/wp-json\/wp\/v2\/posts\/95722","targetHints":{"allow":["GET"]}}],"collection":[{"href":"https:\/\/www.tucomarca.com\/wordpress\/segunda\/ca\/wp-json\/wp\/v2\/posts"}],"about":[{"href":"https:\/\/www.tucomarca.com\/wordpress\/segunda\/ca\/wp-json\/wp\/v2\/types\/post"}],"author":[{"embeddable":true,"href":"https:\/\/www.tucomarca.com\/wordpress\/segunda\/ca\/wp-json\/wp\/v2\/users\/12"}],"replies":[{"embeddable":true,"href":"https:\/\/www.tucomarca.com\/wordpress\/segunda\/ca\/wp-json\/wp\/v2\/comments?post=95722"}],"version-history":[{"count":0,"href":"https:\/\/www.tucomarca.com\/wordpress\/segunda\/ca\/wp-json\/wp\/v2\/posts\/95722\/revisions"}],"wp:featuredmedia":[{"embeddable":true,"href":"https:\/\/www.tucomarca.com\/wordpress\/segunda\/ca\/wp-json\/wp\/v2\/media\/95721"}],"wp:attachment":[{"href":"https:\/\/www.tucomarca.com\/wordpress\/segunda\/ca\/wp-json\/wp\/v2\/media?parent=95722"}],"wp:term":[{"taxonomy":"category","embeddable":true,"href":"https:\/\/www.tucomarca.com\/wordpress\/segunda\/ca\/wp-json\/wp\/v2\/categories?post=95722"},{"taxonomy":"post_tag","embeddable":true,"href":"https:\/\/www.tucomarca.com\/wordpress\/segunda\/ca\/wp-json\/wp\/v2\/tags?post=95722"}],"curies":[{"name":"wp","href":"https:\/\/api.w.org\/{rel}","templated":true}]}}