{"id":95728,"date":"2019-11-13T19:50:17","date_gmt":"2019-11-13T17:50:17","guid":{"rendered":"http:\/\/www.tucomarca.com\/wordpress\/segunda\/?p=95728"},"modified":"2019-11-13T19:53:07","modified_gmt":"2019-11-13T17:53:07","slug":"el-circuit-de-xest-decideix-el-primer-campio-de-la-copa-del-mon-de-motoe","status":"publish","type":"post","link":"https:\/\/www.tucomarca.com\/wordpress\/segunda\/ca\/el-circuit-de-xest-decideix-el-primer-campio-de-la-copa-del-mon-de-motoe\/","title":{"rendered":"El Circuit de Xest decideix el primer campi\u00f3 de la Copa del M\u00f3n de MotoE"},"content":{"rendered":"\n<p><strong>El valenci\u00e0 H\u00e9ctor Garz\u00f3, l&#8217;itali\u00e0 Matteo Ferrari i el brit\u00e0nic Bradley Smith s\u00f3n els principals candidats per a guanyar un t\u00edtol al qual opten fins una dotzena de pilots&nbsp;<br>Durant el cap de setmana es disputaran dues carreres a 10 voltes cada una amb 50 punts en joc<\/strong><\/p>\n\n\n\n<p>El Circuit Ricardo Tormo proclamar\u00e0 durant el Gran Premi Motul de la Comunitat Valenciana el primer campi\u00f3 del m\u00f3n de MotoE. El t\u00edtol es decidir\u00e0 en les dues \u00faltimes carreres de la primera edici\u00f3 de la Copa del M\u00f3n Enel MotoE i hi opten fins una dotzena de pilots.&nbsp;<\/p>\n\n\n\n<p>L&#8217;itali\u00e0 Matteo Ferrari (Trentino Gresini MotoE), amb 72 punts despr\u00e9s del doblet aconseguit a Misano, aterra com a l\u00edder a Cheste, amb 19 punts d&#8217;avantatge sobre el valenci\u00e0 H\u00e9ctor Garz\u00f3 (Tech3 E-Racing). Completa el trio de m\u00e0xims favorits el brit\u00e0nic Bradley Smith (One Energy Racing).&nbsp;<\/p>\n\n\n\n<p>Amb 50 punts en joc en les dues carreres que resten, la n\u00f2mina d&#8217;aspirants inclou pilots com el valenci\u00e0 Nico Terol (Openbank Angel Nieto Team), Sete Gibernau (Pons40), Mike Di Meglio (Estrella Galicia 0,0 VDS) o Xavier Sim\u00e9on (Avintia Esponsorama). En la graella figuren tamb\u00e9 noms com Mar\u00eda Herrera, Randy de Puniet o Eric Granado.&nbsp;<\/p>\n\n\n\n<p>El dissabte 16 de novembre (16.15 hores) i el diumenge 17 (10.05 hores) les 18 motos el\u00e8ctriques de la graella disputaran les dues \u00faltimes carreres de l&#8217;any, despr\u00e9s de les cites de Sachsenring, Spielberg i Misano, en les quals les Energica Ego Corsa completaran 10 voltes al Circuit.&nbsp;<\/p>\n\n\n\n<p><strong>Cuna de Campeones: tancament del curs<\/strong><\/p>\n\n\n\n<p>A m\u00e9s, la Cuna de Campeones, escola de competici\u00f3 del Circuit Ricardo Tormo, celebrar\u00e0 la seua \u00faltima cita de la temporada durant el Gran Premi. Un total de 34 pilots repartits en les categories PreMoto4 i Moto5 competiran per la posici\u00f3 preferent en els dos entrenaments cronometrats de dijous (14.30 i 16.45 hores), mentre la carrera a 10 voltes es reserva com a plat fort per a divendres (17.15 hores).&nbsp;<\/p>\n\n\n\n<p>Aix\u00ed mateix, dissabte se celebrar\u00e0 la gala de clausura de la temporada, en la qual es lliuraran els trofeus i diplomes als pilots de totes les categories de la Cuna. En PreMoto4, l&#8217;alacant\u00ed Alberto Ferr\u00e1ndez es va proclamar campi\u00f3 per davant del mallorqu\u00ed Hugo Mar\u00edn i del madrileny Marco Garc\u00eda, mentre el valenci\u00e0 C\u00e9sar Parrilla es va emportar el t\u00edtol de Moto5 per davant d&#8217;un altre mallorqu\u00ed, Fernando Bujosa, i del pilot de la Vila Joiosa, Xavi Vidal.<\/p>\n","protected":false},"excerpt":{"rendered":"<div class=\"mh-excerpt\">El valenci\u00e0 H\u00e9ctor Garz\u00f3, l&#8217;itali\u00e0 Matteo Ferrari i el brit\u00e0nic Bradley Smith s\u00f3n els principals candidats per a guanyar un t\u00edtol al qual opten fins una dotzena de pilots&nbsp;Durant el cap de setmana es disputaran <a class=\"mh-excerpt-more\" href=\"https:\/\/www.tucomarca.com\/wordpress\/segunda\/ca\/el-circuit-de-xest-decideix-el-primer-campio-de-la-copa-del-mon-de-motoe\/\" title=\"El Circuit de Xest decideix el primer campi\u00f3 de la Copa del M\u00f3n de MotoE\">[+] <\/a><\/div>\n","protected":false},"author":12,"featured_media":95726,"comment_status":"open","ping_status":"open","sticky":false,"template":"","format":"standard","meta":{"footnotes":""},"categories":[11003,10898,10904,10912,11011,10896,10974],"tags":[10477],"class_list":{"0":"post-95728","1":"post","2":"type-post","3":"status-publish","4":"format-standard","5":"has-post-thumbnail","7":"category-sports","8":"category-ventana-ca","9":"category-sin-categorizar-ca","10":"category-la-hoya-ca","11":"category-motociclismo-ca","12":"category-seccion-ca","13":"category-cheste-ca","14":"tag-circuito-de-cheste"},"_links":{"self":[{"href":"https:\/\/www.tucomarca.com\/wordpress\/segunda\/ca\/wp-json\/wp\/v2\/posts\/95728","targetHints":{"allow":["GET"]}}],"collection":[{"href":"https:\/\/www.tucomarca.com\/wordpress\/segunda\/ca\/wp-json\/wp\/v2\/posts"}],"about":[{"href":"https:\/\/www.tucomarca.com\/wordpress\/segunda\/ca\/wp-json\/wp\/v2\/types\/post"}],"author":[{"embeddable":true,"href":"https:\/\/www.tucomarca.com\/wordpress\/segunda\/ca\/wp-json\/wp\/v2\/users\/12"}],"replies":[{"embeddable":true,"href":"https:\/\/www.tucomarca.com\/wordpress\/segunda\/ca\/wp-json\/wp\/v2\/comments?post=95728"}],"version-history":[{"count":0,"href":"https:\/\/www.tucomarca.com\/wordpress\/segunda\/ca\/wp-json\/wp\/v2\/posts\/95728\/revisions"}],"wp:featuredmedia":[{"embeddable":true,"href":"https:\/\/www.tucomarca.com\/wordpress\/segunda\/ca\/wp-json\/wp\/v2\/media\/95726"}],"wp:attachment":[{"href":"https:\/\/www.tucomarca.com\/wordpress\/segunda\/ca\/wp-json\/wp\/v2\/media?parent=95728"}],"wp:term":[{"taxonomy":"category","embeddable":true,"href":"https:\/\/www.tucomarca.com\/wordpress\/segunda\/ca\/wp-json\/wp\/v2\/categories?post=95728"},{"taxonomy":"post_tag","embeddable":true,"href":"https:\/\/www.tucomarca.com\/wordpress\/segunda\/ca\/wp-json\/wp\/v2\/tags?post=95728"}],"curies":[{"name":"wp","href":"https:\/\/api.w.org\/{rel}","templated":true}]}}