{"id":95736,"date":"2019-11-13T19:38:12","date_gmt":"2019-11-13T17:38:12","guid":{"rendered":"http:\/\/www.tucomarca.com\/wordpress\/segunda\/?p=95736"},"modified":"2019-11-13T19:38:21","modified_gmt":"2019-11-13T17:38:21","slug":"nombroses-activitats-completen-loferta-del-gran-premi-de-la-comunitat-a-xest","status":"publish","type":"post","link":"https:\/\/www.tucomarca.com\/wordpress\/segunda\/ca\/nombroses-activitats-completen-loferta-del-gran-premi-de-la-comunitat-a-xest\/","title":{"rendered":"Nombroses activitats completen l&#8217;oferta del Gran Premi de la Comunitat a Xest"},"content":{"rendered":"\n<p>El Gran Premi Motul de la Comunitat Valenciana, que se celebra el proper diumenge 17 de novembre al Circuit Ricardo Tormo, genera una intensa agenda d&#8217;activitats complement\u00e0ries al voltant de l&#8217;\u00faltima cita de el Mundial de motociclisme.<\/p>\n\n\n\n<p>Aix\u00ed, el dijous 14 de novembre, el Circuit concentrar\u00e0 una \u00e0mplia oferta d&#8217;esdeveniments, com la tradicional visita a l&#8217;p\u00e0doc a benefici de l&#8217;ONG Two Wheels For Life al migdia o el &#8216;pit walk&#8217; vespert\u00ed per a l&#8217;afici\u00f3, en qu\u00e8 durant una hora, de 17.30 a 18.30 hores, observen el treball que realitzen els equips a boxs.<\/p>\n\n\n\n<p>Sete Gibernau, Maria Herrera, Bradley Smith, H\u00e9ctor Garz\u00f3 i Matteo Ferrari, pilots del Campionat de el M\u00f3n de motos el\u00e8ctriques, protagonitzaran un xou amb aficionats a les 14 hores, previ als primers entrenaments lliures de la prova reina.<\/p>\n\n\n\n<p>A les 17.00 hores comen\u00e7ar\u00e0 la roda de premsa oficial del Gran Premi, amb la pres\u00e8ncia de Marc M\u00e1rquez, Andrea Dovizioso, Maverick Vi\u00f1ales, \u00c0lex Rins, Valentino Rossi i Franco Morbidelli. A continuaci\u00f3, el pilot valenci\u00e0 m\u00e9s llorejat, Jorge Mart\u00ednez &#8216;Aspar&#8217;, ser\u00e0 nomenat MotoGP Legend.<\/p>\n\n\n\n<p>Cap de setmana, dins i fora de pista<\/p>\n\n\n\n<p>Els motors de l&#8217;Mundial arrencaran el divendres al mat\u00ed, amb la primera sessi\u00f3 d&#8217;entrenaments lliures de Moto3 a partir de les 9.00 hores. Les muntures de les tres categories rodaran sobre el tra\u00e7at de Circuit Ricardo Tormo fins a les 15.50 hores, moment en el qual sortiran a pista les motos del Bressol de Campions i de MotoE.<\/p>\n\n\n\n<p>Aix\u00ed mateix, Fira Val\u00e8ncia acollir\u00e0 tamb\u00e9 el divendres 15 de novembre la inauguraci\u00f3 de la fira 2 Rodes, que per set\u00e8 any consecutiu se celebra coincidint amb la disputa del Gran Premi de la Comunitat Valenciana, i en la qual participen m\u00e9s d&#8217;un centenar de signatures. En el seu programa d&#8217;activitats, la fira ofereix exhibicions, m\u00fasica en directe, signatures de pilots o propostes gastron\u00f2miques.<\/p>\n\n\n\n<p>Tamb\u00e9 divendres tindr\u00e0 lloc a la pla\u00e7a Doctor Cajal de Xest la tradicional festa de benvinguda a l&#8217;afici\u00f3, amb una programaci\u00f3 extensa que ofereix pantalles gegants, m\u00fasica, degustacions i diversi\u00f3 per a tots els aficionats durant el cap de setmana del Gran Premi.<\/p>\n\n\n\n<p>Dissabte es repetir\u00e0 l&#8217;horari de pista, amb les motos sobre l&#8217;asfalt des de les 9.00 i fins a les 15.45 hores, amb la disputa de la segona tanda d&#8217;entrenaments lliures durant el mat\u00ed i la sessi\u00f3 de qualificaci\u00f3 a partir de migdia.<\/p>\n\n\n\n<p>A l&#8217;acabar, prendran la pista, primer, les MotoE i, despr\u00e9s, els pilots del Bressol de Campions per competir en la primera cursa de l&#8217;esdeveniment a 10 voltes.<\/p>\n\n\n\n<p>El matiner &#8216;warm up&#8217; (8.20 hores) permetr\u00e0 escalfar motors el diumenge. Aquest any els aficionats hauran d&#8217;arribar abans per veure la gran final de MotoE, que comen\u00e7ar\u00e0 a les 10.00 hores.<\/p>\n\n\n\n<p>La cursa de Moto3 comen\u00e7ar\u00e0, com \u00e9s habitual, a les 11.00 hores (23 girs). A partir de les 12.20 hores ser\u00e0 el torn de Moto2 (25 voltes) i el Gran Premi finalitzar\u00e0 amb l&#8217;esperada cursa de MotoGP, programada a 27 voltes i que donar\u00e0 inici a les 14.00 hores.<\/p>\n\n\n\n<p>Com cada any, els aficionats amb entrada de Tribuna de Boxes tindran l&#8217;oportunitat de baixar a la recta de meta per veure en directe l&#8217;entrega de premis de la cursa de MotoGP.<\/p>\n","protected":false},"excerpt":{"rendered":"<div class=\"mh-excerpt\">El Gran Premi Motul de la Comunitat Valenciana, que se celebra el proper diumenge 17 de novembre al Circuit Ricardo Tormo, genera una intensa agenda d&#8217;activitats complement\u00e0ries al voltant de l&#8217;\u00faltima cita de el Mundial <a class=\"mh-excerpt-more\" href=\"https:\/\/www.tucomarca.com\/wordpress\/segunda\/ca\/nombroses-activitats-completen-loferta-del-gran-premi-de-la-comunitat-a-xest\/\" title=\"Nombroses activitats completen l&#8217;oferta del Gran Premi de la Comunitat a Xest\">[+] <\/a><\/div>\n","protected":false},"author":1,"featured_media":95708,"comment_status":"open","ping_status":"open","sticky":false,"template":"","format":"standard","meta":{"footnotes":""},"categories":[11003,10898,10904,10912,11011,10896,10974],"tags":[],"class_list":{"0":"post-95736","1":"post","2":"type-post","3":"status-publish","4":"format-standard","5":"has-post-thumbnail","7":"category-sports","8":"category-ventana-ca","9":"category-sin-categorizar-ca","10":"category-la-hoya-ca","11":"category-motociclismo-ca","12":"category-seccion-ca","13":"category-cheste-ca"},"_links":{"self":[{"href":"https:\/\/www.tucomarca.com\/wordpress\/segunda\/ca\/wp-json\/wp\/v2\/posts\/95736","targetHints":{"allow":["GET"]}}],"collection":[{"href":"https:\/\/www.tucomarca.com\/wordpress\/segunda\/ca\/wp-json\/wp\/v2\/posts"}],"about":[{"href":"https:\/\/www.tucomarca.com\/wordpress\/segunda\/ca\/wp-json\/wp\/v2\/types\/post"}],"author":[{"embeddable":true,"href":"https:\/\/www.tucomarca.com\/wordpress\/segunda\/ca\/wp-json\/wp\/v2\/users\/1"}],"replies":[{"embeddable":true,"href":"https:\/\/www.tucomarca.com\/wordpress\/segunda\/ca\/wp-json\/wp\/v2\/comments?post=95736"}],"version-history":[{"count":0,"href":"https:\/\/www.tucomarca.com\/wordpress\/segunda\/ca\/wp-json\/wp\/v2\/posts\/95736\/revisions"}],"wp:featuredmedia":[{"embeddable":true,"href":"https:\/\/www.tucomarca.com\/wordpress\/segunda\/ca\/wp-json\/wp\/v2\/media\/95708"}],"wp:attachment":[{"href":"https:\/\/www.tucomarca.com\/wordpress\/segunda\/ca\/wp-json\/wp\/v2\/media?parent=95736"}],"wp:term":[{"taxonomy":"category","embeddable":true,"href":"https:\/\/www.tucomarca.com\/wordpress\/segunda\/ca\/wp-json\/wp\/v2\/categories?post=95736"},{"taxonomy":"post_tag","embeddable":true,"href":"https:\/\/www.tucomarca.com\/wordpress\/segunda\/ca\/wp-json\/wp\/v2\/tags?post=95736"}],"curies":[{"name":"wp","href":"https:\/\/api.w.org\/{rel}","templated":true}]}}